{"id":1016,"date":"2026-04-28T16:45:08","date_gmt":"2026-04-28T14:45:08","guid":{"rendered":"https:\/\/www.hiregyben.online\/reggeljott\/?p=1016"},"modified":"2026-04-28T16:45:08","modified_gmt":"2026-04-28T14:45:08","slug":"ezentul-ennyibol-fog-elni-orban-viktor","status":"publish","type":"post","link":"https:\/\/www.hiregyben.online\/reggeljott\/?p=1016","title":{"rendered":"Ezent\u00fal ennyib\u0151l fog \u00e9lni Orb\u00e1n Viktor"},"content":{"rendered":"<h3>A sz\u00e1mok eg\u00e9szen megd\u00f6bbent\u0151ek: Orb\u00e1n Viktor \u00f6sszesen brutt\u00f3 38 801 013 forint v\u00e9gkiel\u00e9g\u00edt\u00e9sre sz\u00e1m\u00edthat. Ez az \u00f6sszeg sok magyar csal\u00e1d t\u00f6bb\u00e9ves bev\u00e9tel\u00e9nek felel meg, neki pedig egyszeri juttat\u00e1sk\u00e9nt \u00e9rkezhet meg a t\u00e1voz\u00e1s ut\u00e1n.<br \/>\nOrb\u00e1n Viktor 16 \u00e9ven \u00e1t jogosult lehet hivatali aut\u00f3ra sof\u0151rrel, emellett 8 \u00e9vig fenntarthat sz\u00e1m\u00e1ra az \u00e1llam egy irod\u00e1t, k\u00e9tf\u0151s titk\u00e1rs\u00e1ggal. Mik\u00f6zben legut\u00f3bbi vagyonnyilatkozata szerint valamivel t\u00f6bb mint \u00f6tmilli\u00f3 forint megtakar\u00edt\u00e1ssal rendelkezik, ezek a juttat\u00e1sok komoly biztons\u00e1got jelenthetnek sz\u00e1m\u00e1ra.<br \/>\nVan azonban egy fontos figyelmeztet\u00e9s: ha f\u00e9l \u00e9ven bel\u00fcl olyan c\u00e9gben v\u00e1llal vezet\u0151 poz\u00edci\u00f3t, amelyben az \u00e1llam k\u00f6zvetlen\u00fcl vagy k\u00f6zvetve t\u00f6bbs\u00e9gi tulajdonnal rendelkezik, a v\u00e9gkiel\u00e9g\u00edt\u00e9st vissza kell fizetnie. \u00c9s ha mindez nem lenne el\u00e9g meglep\u0151: a NER vil\u00e1g\u00e1ban m\u00e9g Orb\u00e1n fizet\u00e9se sem sz\u00e1m\u00edtott rekordnak. T\u00f6bb miniszt\u00e9riumi vezet\u0151 \u00e9s \u00e1llamtitk\u00e1r havi brutt\u00f3 10 milli\u00f3 forint feletti \u00f6sszeget vihetett haza.<\/h3>\n<p>VIA Telex<\/p>\n<p>A modellv\u00e1laszt\u00e9k viszonylag egyszer\u0171, mert minden GR Yaris ugyanazt az 1,6 literes, h\u00e1romhengeres, turb\u00f3s benzinmotort kapja, amely k\u00f6r\u00fclbel\u00fcl 276 l\u00f3er\u0151t teljes\u00edt. Ez a motor rendk\u00edv\u00fcl er\u0151snek sz\u00e1m\u00edt ebben a kateg\u00f3ri\u00e1ban, \u00e9s kifejezetten szereti a magas fordulatsz\u00e1mot, mik\u00f6zben karakteres hanggal \u00e9s er\u0151teljes turb\u00f3reakci\u00f3val j\u00e1rul hozz\u00e1 az \u00e9lm\u00e9nyhez.<\/p>\n<p>A teljes\u00edtm\u00e9nyhez alacsony t\u00f6meg t\u00e1rsul \u2013 kevesebb mint 1300 kg \u2013, \u00edgy az aut\u00f3 rendk\u00edv\u00fcl gyors: 0\u2013100 km\/h-ra nagyj\u00e1b\u00f3l 5,2 m\u00e1sodperc alatt gyorsul, v\u00e9gsebess\u00e9ge pedig k\u00f6r\u00fclbel\u00fcl 230 km\/h. Az er\u0151t egy GR-Four nev\u0171 \u00f6sszker\u00e9khajt\u00e1si rendszer juttatja az \u00fatra, amely t\u00f6bbf\u00e9le \u00fczemm\u00f3ddal k\u00e9pes v\u00e1ltoztatni az els\u0151 \u00e9s h\u00e1ts\u00f3 tengely k\u00f6z\u00f6tti nyomat\u00e9keloszt\u00e1st, \u00edgy k\u00fcl\u00f6nb\u00f6z\u0151 \u00fatviszonyokhoz is j\u00f3l alkalmazkodik.<\/p>\n<p>V\u00e1rosi k\u00f6rnyezetben a kis m\u00e9ret miatt k\u00f6nnyen man\u0151verezhet\u0151, azonban a fut\u00f3m\u0171 el\u00e9g kem\u00e9ny, \u00edgy az \u00fathib\u00e1kat \u00e9rezhet\u0151en k\u00f6zvet\u00edti. Amint azonban kanyarg\u00f3s orsz\u00e1g\u00fatra \u00e9r\u00fcnk, az aut\u00f3 igaz\u00e1n elem\u00e9ben van: rendk\u00edv\u00fcl tapad\u00f3s, gyors \u00e9s magabiztos, szinte b\u00e1rmilyen temp\u00f3n\u00e1l stabil marad. Aut\u00f3p\u00e1ly\u00e1n ugyan haszn\u00e1lhat\u00f3, de zajosabb \u00e9s kev\u00e9sb\u00e9 komfortos, ez\u00e9rt hossz\u00fa t\u00e1v\u00fa ing\u00e1z\u00e1sra nem ez a legide\u00e1lisabb v\u00e1laszt\u00e1s.<\/p>\n<p>A karossz\u00e9ria kialak\u00edt\u00e1sa nagyr\u00e9szt egyedi, \u00e9s csak n\u00e9h\u00e1ny elemet \u00f6r\u00f6k\u00f6l a hagyom\u00e1nyos Yarisb\u00f3l. Az aut\u00f3 sz\u00e9lesebb, alacsonyabb \u00e9s sportosabb ar\u00e1ny\u00fa, h\u00e1romajt\u00f3s fel\u00e9p\u00edt\u00e9se pedig kup\u00e9s jelleg\u0171 megjelen\u00e9st ad neki, amely a leszor\u00edt\u00f3er\u0151t is seg\u00edti.<\/p>\n","protected":false},"excerpt":{"rendered":"<p>A sz\u00e1mok eg\u00e9szen megd\u00f6bbent\u0151ek: Orb\u00e1n Viktor \u00f6sszesen brutt\u00f3 38 801 013 forint v\u00e9gkiel\u00e9g\u00edt\u00e9sre sz\u00e1m\u00edthat. Ez az \u00f6sszeg sok magyar csal\u00e1d&#8230; <span class=\"gridview-grid-post-read-more\"><a href=\"https:\/\/www.hiregyben.online\/reggeljott\/?p=1016\">read more<span class=\"gridview-sr-only\"> Ezent\u00fal ennyib\u0151l fog \u00e9lni Orb\u00e1n Viktor<\/span><\/a><\/span><\/p>\n","protected":false},"author":1,"featured_media":1018,"comment_status":"open","ping_status":"open","sticky":false,"template":"","format":"standard","meta":{"footnotes":""},"categories":[1],"tags":[],"class_list":["post-1016","post","type-post","status-publish","format-standard","has-post-thumbnail","hentry","category-egyeb","wpcat-1-id"],"_links":{"self":[{"href":"https:\/\/www.hiregyben.online\/reggeljott\/index.php?rest_route=\/wp\/v2\/posts\/1016","targetHints":{"allow":["GET"]}}],"collection":[{"href":"https:\/\/www.hiregyben.online\/reggeljott\/index.php?rest_route=\/wp\/v2\/posts"}],"about":[{"href":"https:\/\/www.hiregyben.online\/reggeljott\/index.php?rest_route=\/wp\/v2\/types\/post"}],"author":[{"embeddable":true,"href":"https:\/\/www.hiregyben.online\/reggeljott\/index.php?rest_route=\/wp\/v2\/users\/1"}],"replies":[{"embeddable":true,"href":"https:\/\/www.hiregyben.online\/reggeljott\/index.php?rest_route=%2Fwp%2Fv2%2Fcomments&post=1016"}],"version-history":[{"count":1,"href":"https:\/\/www.hiregyben.online\/reggeljott\/index.php?rest_route=\/wp\/v2\/posts\/1016\/revisions"}],"predecessor-version":[{"id":1020,"href":"https:\/\/www.hiregyben.online\/reggeljott\/index.php?rest_route=\/wp\/v2\/posts\/1016\/revisions\/1020"}],"wp:featuredmedia":[{"embeddable":true,"href":"https:\/\/www.hiregyben.online\/reggeljott\/index.php?rest_route=\/wp\/v2\/media\/1018"}],"wp:attachment":[{"href":"https:\/\/www.hiregyben.online\/reggeljott\/index.php?rest_route=%2Fwp%2Fv2%2Fmedia&parent=1016"}],"wp:term":[{"taxonomy":"category","embeddable":true,"href":"https:\/\/www.hiregyben.online\/reggeljott\/index.php?rest_route=%2Fwp%2Fv2%2Fcategories&post=1016"},{"taxonomy":"post_tag","embeddable":true,"href":"https:\/\/www.hiregyben.online\/reggeljott\/index.php?rest_route=%2Fwp%2Fv2%2Ftags&post=1016"}],"curies":[{"name":"wp","href":"https:\/\/api.w.org\/{rel}","templated":true}]}}