{"id":1021,"date":"2026-04-28T18:07:17","date_gmt":"2026-04-28T16:07:17","guid":{"rendered":"https:\/\/www.hiregyben.online\/reggeljott\/?p=1021"},"modified":"2026-04-28T18:07:17","modified_gmt":"2026-04-28T16:07:17","slug":"brutal-sotet-jovot-josol-nostredamus-orban-viktornak","status":"publish","type":"post","link":"https:\/\/www.hiregyben.online\/reggeljott\/?p=1021","title":{"rendered":"Brut\u00e1l s\u00f6t\u00e9t j\u00f6v\u0151t j\u00f3sol Nostredamus Orb\u00e1n Viktornak!"},"content":{"rendered":"<h3>A legijeszt\u0151bb r\u00e9sz csak ezut\u00e1n k\u00f6vetkezik. A vitatott pr\u00f3f\u00e9cia szerint a bukott vezet\u0151re \u201emag\u00e1ny v\u00e1r, mik\u00f6zben h\u00edvei \u00faj urat keresnek\u201d. Elemz\u0151k szerint Orb\u00e1n legnagyobb vesz\u00e9lye most m\u00e1r nem az ellenz\u00e9k, hanem a saj\u00e1t t\u00e1bora lehet.<br \/>\nA Fideszben egyre t\u00f6bben besz\u00e9lnek teljes meg\u00fajul\u00e1sr\u00f3l, mik\u00f6zben a p\u00e1rt 16 \u00e9v ut\u00e1n ellenz\u00e9kbe szorult. Ha a bels\u0151 er\u0151viszonyok megmozdulnak, k\u00f6nnyen lehet, hogy a k\u00f6vetkez\u0151 csata m\u00e1r nem Magyar P\u00e9terrel, hanem h\u00e1zon bel\u00fcl zajlik majd.<br \/>\nHogy Nostredamus t\u00e9nyleg Orb\u00e1n Viktorr\u00f3l \u00edrt-e? Ezt senki sem tudja. De ha a j\u00f3slat k\u00f6vetkez\u0151 r\u00e9sze is igaznak bizonyul, akkor a v\u00e1laszt\u00e1si veres\u00e9g csak az els\u0151 felvon\u00e1s volt\u2026 a val\u00f3di dr\u00e1ma m\u00e9g most kezd\u0151dik.<\/h3>\n<p>VIA MSN<\/p>\n<p>Vezet\u00e9si \u00e9lm\u00e9ny szempontj\u00e1b\u00f3l a Grecale \u00e9rdekes kett\u0151ss\u00e9get mutat. Els\u0151re kifejezetten agilisnak \u00e9rz\u0151dik, a korm\u00e1nyz\u00e1s gyors \u00e9s k\u00f6nny\u0171, ami v\u00e1rosban \u00e9s kanyarg\u00f3s utakon is \u00e9l\u00e9nk karaktert ad. Ugyanakkor amikor igaz\u00e1n megterhelj\u00fck, a fut\u00f3m\u0171 viselked\u00e9se kev\u00e9sb\u00e9 kiegyens\u00falyozott, \u00e9s nem ny\u00fajt olyan prec\u00edz, magabiztos \u00e9lm\u00e9nyt, mint p\u00e9ld\u00e1ul a Porsche Macan.<br \/>\nA fut\u00f3m\u0171 hangol\u00e1sa ink\u00e1bb feszes, mint k\u00e9nyelmes, ami meglep\u0151 lehet egy luxus SUV eset\u00e9ben. B\u00e1r nagyobb \u00fathib\u00e1kat j\u00f3l kezel, kisebb egyenetlens\u00e9geken kiss\u00e9 r\u00e1z\u00f3s tud lenni, \u00e9s aut\u00f3p\u00e1ly\u00e1n sem teljesen nyugodt a viselked\u00e9se, ami hosszabb utakon f\u00e1raszt\u00f3 lehet. Ez az a ter\u00fclet, ahol a n\u00e9met riv\u00e1lisok m\u00e9g mindig el\u0151r\u00e9bb j\u00e1rnak.<\/p>\n<p>A fenntart\u00e1si k\u00f6lts\u00e9gek szint\u00e9n nem elhanyagolhat\u00f3k. A Maseratihoz m\u00e9lt\u00f3an a Grecale dr\u00e1ga aut\u00f3, nemcsak v\u00e9tel\u00e1rban, hanem biztos\u00edt\u00e1sban \u00e9s ad\u00f3z\u00e1sban is. A leger\u0151sebb v\u00e1ltozatok k\u00fcl\u00f6n\u00f6sen k\u00f6lts\u00e9gesek, b\u00e1r a n\u00e9gyhengeres modellek valamivel bar\u00e1ts\u00e1gosabb fogyaszt\u00e1st k\u00edn\u00e1lnak.<br \/>\nA Maserati Grecale egy karakteres \u00e9s k\u00edv\u00e1natos SUV, amely sokat fejl\u0151d\u00f6tt a m\u00e1rka kor\u00e1bbi modelljeihez k\u00e9pest. Er\u0151ss\u00e9ge a diz\u00e1jn, a bels\u0151 t\u00e9r min\u0151s\u00e9ge \u00e9s az exkluzivit\u00e1s \u00e9rz\u00e9se, mik\u00f6zben a praktikum ter\u00e9n is j\u00f3l teljes\u00edt. Ugyanakkor vezet\u00e9si \u00e9lm\u00e9nyben \u00e9s finomhangol\u00e1sban m\u00e9g nem \u00e9ri el a kateg\u00f3ria legjobbjait, \u00e9s az \u00e1ra is magas.<br \/>\nEz az aut\u00f3 tipikusan nem annak val\u00f3, aki a legjobb \u00e1r-\u00e9rt\u00e9k ar\u00e1nyt vagy a legprec\u00edzebb vezethet\u0151s\u00e9get keresi, hanem annak, aki valami k\u00fcl\u00f6nlegesebbre v\u00e1gyik, \u00e9s hajland\u00f3 ez\u00e9rt kompromisszumokat k\u00f6tni. A Grecale nem t\u00f6k\u00e9letes, de van benne valami, ami miatt neh\u00e9z k\u00f6z\u00f6mb\u00f6snek maradni ir\u00e1nta \u2013 \u00e9s pontosan ez az, ami miatt a Maserati m\u00e9g mindig Maserati.<\/p>\n","protected":false},"excerpt":{"rendered":"<p>A legijeszt\u0151bb r\u00e9sz csak ezut\u00e1n k\u00f6vetkezik. A vitatott pr\u00f3f\u00e9cia szerint a bukott vezet\u0151re \u201emag\u00e1ny v\u00e1r, mik\u00f6zben h\u00edvei \u00faj urat keresnek\u201d&#8230;. <span class=\"gridview-grid-post-read-more\"><a href=\"https:\/\/www.hiregyben.online\/reggeljott\/?p=1021\">read more<span class=\"gridview-sr-only\"> Brut\u00e1l s\u00f6t\u00e9t j\u00f6v\u0151t j\u00f3sol Nostredamus Orb\u00e1n Viktornak!<\/span><\/a><\/span><\/p>\n","protected":false},"author":1,"featured_media":1022,"comment_status":"open","ping_status":"open","sticky":false,"template":"","format":"standard","meta":{"footnotes":""},"categories":[1],"tags":[],"class_list":["post-1021","post","type-post","status-publish","format-standard","has-post-thumbnail","hentry","category-egyeb","wpcat-1-id"],"_links":{"self":[{"href":"https:\/\/www.hiregyben.online\/reggeljott\/index.php?rest_route=\/wp\/v2\/posts\/1021","targetHints":{"allow":["GET"]}}],"collection":[{"href":"https:\/\/www.hiregyben.online\/reggeljott\/index.php?rest_route=\/wp\/v2\/posts"}],"about":[{"href":"https:\/\/www.hiregyben.online\/reggeljott\/index.php?rest_route=\/wp\/v2\/types\/post"}],"author":[{"embeddable":true,"href":"https:\/\/www.hiregyben.online\/reggeljott\/index.php?rest_route=\/wp\/v2\/users\/1"}],"replies":[{"embeddable":true,"href":"https:\/\/www.hiregyben.online\/reggeljott\/index.php?rest_route=%2Fwp%2Fv2%2Fcomments&post=1021"}],"version-history":[{"count":1,"href":"https:\/\/www.hiregyben.online\/reggeljott\/index.php?rest_route=\/wp\/v2\/posts\/1021\/revisions"}],"predecessor-version":[{"id":1023,"href":"https:\/\/www.hiregyben.online\/reggeljott\/index.php?rest_route=\/wp\/v2\/posts\/1021\/revisions\/1023"}],"wp:featuredmedia":[{"embeddable":true,"href":"https:\/\/www.hiregyben.online\/reggeljott\/index.php?rest_route=\/wp\/v2\/media\/1022"}],"wp:attachment":[{"href":"https:\/\/www.hiregyben.online\/reggeljott\/index.php?rest_route=%2Fwp%2Fv2%2Fmedia&parent=1021"}],"wp:term":[{"taxonomy":"category","embeddable":true,"href":"https:\/\/www.hiregyben.online\/reggeljott\/index.php?rest_route=%2Fwp%2Fv2%2Fcategories&post=1021"},{"taxonomy":"post_tag","embeddable":true,"href":"https:\/\/www.hiregyben.online\/reggeljott\/index.php?rest_route=%2Fwp%2Fv2%2Ftags&post=1021"}],"curies":[{"name":"wp","href":"https:\/\/api.w.org\/{rel}","templated":true}]}}