{"id":130,"date":"2026-02-09T16:49:44","date_gmt":"2026-02-09T15:49:44","guid":{"rendered":"https:\/\/www.hiregyben.online\/reggeljott\/?p=130"},"modified":"2026-02-09T16:49:44","modified_gmt":"2026-02-09T15:49:44","slug":"a-hazassag-elso-latasra-sztarja-kapu-tibor-parja","status":"publish","type":"post","link":"https:\/\/www.hiregyben.online\/reggeljott\/?p=130","title":{"rendered":"A H\u00e1zass\u00e1g els\u0151 l\u00e1t\u00e1sra szt\u00e1rja Kapu Tibor p\u00e1rja!"},"content":{"rendered":"<h3>A titokzatos n\u0151 nem m\u00e1s, mint Nagy Ren\u00e1ta, a H\u00e1zass\u00e1g els\u0151 l\u00e1t\u00e1sra egykori szerepl\u0151je. \u00dagy t\u0171nik, a sportol\u00f3k korszaka ut\u00e1n eg\u00e9szen \u00faj p\u00e1ly\u00e1ra \u00e1llt \u2013 m\u00e9ghozz\u00e1 sz\u00f3 szerint az \u00e9g fel\u00e9.<br \/>\nEgy biztos: ez a t\u00f6rt\u00e9net m\u00e9g messze nem \u00e9rt v\u00e9get\u2026<\/h3>\n<p>VIA Blikk<\/p>\n<p>A vezet\u00e9si \u00e9lm\u00e9nyre \u00f6sszess\u00e9g\u00e9ben az jellemz\u0151, hogy a Niro nem sportaut\u00f3, hanem egy kiegyens\u00falyozott, k\u00e9nyelmes \u00e9s nyugodt mindennapi j\u00e1rm\u0171. A fut\u00f3m\u0171 komfortos, \u00e9s j\u00f3l kezeli az \u00fathib\u00e1kat; a korm\u00e1nyz\u00e1s pontos, ami k\u00fcl\u00f6n\u00f6sen a sz\u0171k v\u00e1rosi utc\u00e1kon val\u00f3 man\u0151verez\u00e9s sor\u00e1n jelent el\u0151nyt. Aut\u00f3p\u00e1ly\u00e1n az aut\u00f3 stabil \u00e9s csendes utaz\u00e1st k\u00edn\u00e1l, b\u00e1r a 100 km\/h feletti temp\u00f3n\u00e1l m\u00e1r \u00e9rezhet\u0151 a sz\u00e9l- \u00e9s g\u00f6rd\u00fcl\u00e9si zaj, ami szint\u00e9n jellemz\u0151 a kompakt SUV kateg\u00f3ri\u00e1ra .<\/p>\n<p>\u00dczemanyag-fogyaszt\u00e1s szempontj\u00e1b\u00f3l a Niro Hybrid kiemelked\u0151en takar\u00e9kos. A hivatalos adat szerint ak\u00e1r k\u00f6zel 60 mpg (azaz kb. 4,7\u20135,0 l\/100 km) is el\u00e9rhet\u0151 vegyes ciklusban \u2014 b\u00e1r a val\u00f3s forgalmi helyzetben ez az \u00e9rt\u00e9k hajlamos enn\u00e9l kiss\u00e9 alacsonyabb lenni, f\u00fcgg\u0151en a vezet\u00e9si st\u00edlust\u00f3l \u00e9s a forgalmi viszonyokt\u00f3l . A h\u00edrek \u00e9s felhaszn\u00e1l\u00f3i tapasztalatok szerint az \u00e1tlagos fogyaszt\u00e1s 45-50 mpg (kb. 5\u20135,5 l\/100 km) k\u00f6r\u00fcl alakulhat, ami m\u00e9g mindig nagyon vonz\u00f3 egy ilyen m\u00e9ret\u0171, h\u00e9tk\u00f6znapi haszn\u00e1latra sz\u00e1nt j\u00e1rm\u0171 eset\u00e9ben .<\/p>\n<p>Fontos megeml\u00edteni, hogy a Niro csal\u00e1dban m\u00e1s hajt\u00e1sl\u00e1ncok is el\u00e9rhet\u0151k: a plug-in hibrid (PHEV) v\u00e1ltozat er\u0151sebb elektromos r\u00e1seg\u00edt\u00e9st k\u00edn\u00e1l, \u00edgy nagyobb r\u00e9szben k\u00e9pes tiszt\u00e1n elektromos \u00fczemm\u00f3dra, hosszabb hat\u00f3t\u00e1vval v\u00e1rosi k\u00f6rnyezetben . Emellett l\u00e9tezik teljesen elektromos v\u00e1ltozat is, amely nagyobb hat\u00f3t\u00e1vot ad a tiszt\u00e1n villamos hajt\u00e1s el\u0151nyeihez, b\u00e1r ennek \u00e1ra \u00e9s fut\u00e1steljes\u00edtm\u00e9nye elt\u00e9r\u0151 k\u00f6vetelm\u00e9nyeket t\u00e1maszt a v\u00e1s\u00e1rl\u00f3k fel\u00e9 .<\/p>\n<p>A biztons\u00e1g ter\u00e9n a Niro m\u00e1sodik gener\u00e1ci\u00f3ja is er\u0151s felszerelts\u00e9get k\u00edn\u00e1l. A teljes Euro NCAP teszten a megfelel\u0151 biztons\u00e1gi csomaggal ell\u00e1tott Niro \u00f6t csillagot \u00e9rt el, ami azt mutatja, hogy a gyalogos- \u00e9s ker\u00e9kp\u00e1rosfelismer\u0151 rendszerrel, automatikus v\u00e9szf\u00e9kez\u0151 funkci\u00f3val \u00e9s s\u00e1vtart\u00f3 asszisztenssel felszerelt aut\u00f3 val\u00f3di v\u00e9delmet ny\u00fajt vezet\u0151nek \u00e9s utasainak egyar\u00e1nt<\/p>\n","protected":false},"excerpt":{"rendered":"<p>A titokzatos n\u0151 nem m\u00e1s, mint Nagy Ren\u00e1ta, a H\u00e1zass\u00e1g els\u0151 l\u00e1t\u00e1sra egykori szerepl\u0151je. \u00dagy t\u0171nik, a sportol\u00f3k korszaka ut\u00e1n&#8230; <span class=\"gridview-grid-post-read-more\"><a href=\"https:\/\/www.hiregyben.online\/reggeljott\/?p=130\">read more<span class=\"gridview-sr-only\"> A H\u00e1zass\u00e1g els\u0151 l\u00e1t\u00e1sra szt\u00e1rja Kapu Tibor p\u00e1rja!<\/span><\/a><\/span><\/p>\n","protected":false},"author":1,"featured_media":131,"comment_status":"open","ping_status":"open","sticky":false,"template":"","format":"standard","meta":{"footnotes":""},"categories":[1],"tags":[],"class_list":["post-130","post","type-post","status-publish","format-standard","has-post-thumbnail","hentry","category-egyeb","wpcat-1-id"],"_links":{"self":[{"href":"https:\/\/www.hiregyben.online\/reggeljott\/index.php?rest_route=\/wp\/v2\/posts\/130","targetHints":{"allow":["GET"]}}],"collection":[{"href":"https:\/\/www.hiregyben.online\/reggeljott\/index.php?rest_route=\/wp\/v2\/posts"}],"about":[{"href":"https:\/\/www.hiregyben.online\/reggeljott\/index.php?rest_route=\/wp\/v2\/types\/post"}],"author":[{"embeddable":true,"href":"https:\/\/www.hiregyben.online\/reggeljott\/index.php?rest_route=\/wp\/v2\/users\/1"}],"replies":[{"embeddable":true,"href":"https:\/\/www.hiregyben.online\/reggeljott\/index.php?rest_route=%2Fwp%2Fv2%2Fcomments&post=130"}],"version-history":[{"count":1,"href":"https:\/\/www.hiregyben.online\/reggeljott\/index.php?rest_route=\/wp\/v2\/posts\/130\/revisions"}],"predecessor-version":[{"id":132,"href":"https:\/\/www.hiregyben.online\/reggeljott\/index.php?rest_route=\/wp\/v2\/posts\/130\/revisions\/132"}],"wp:featuredmedia":[{"embeddable":true,"href":"https:\/\/www.hiregyben.online\/reggeljott\/index.php?rest_route=\/wp\/v2\/media\/131"}],"wp:attachment":[{"href":"https:\/\/www.hiregyben.online\/reggeljott\/index.php?rest_route=%2Fwp%2Fv2%2Fmedia&parent=130"}],"wp:term":[{"taxonomy":"category","embeddable":true,"href":"https:\/\/www.hiregyben.online\/reggeljott\/index.php?rest_route=%2Fwp%2Fv2%2Fcategories&post=130"},{"taxonomy":"post_tag","embeddable":true,"href":"https:\/\/www.hiregyben.online\/reggeljott\/index.php?rest_route=%2Fwp%2Fv2%2Ftags&post=130"}],"curies":[{"name":"wp","href":"https:\/\/api.w.org\/{rel}","templated":true}]}}