{"id":133,"date":"2026-02-09T17:28:42","date_gmt":"2026-02-09T16:28:42","guid":{"rendered":"https:\/\/www.hiregyben.online\/reggeljott\/?p=133"},"modified":"2026-02-09T17:28:42","modified_gmt":"2026-02-09T16:28:42","slug":"sulyos-betegsegben-hirtelen-meghalt-donald-trump","status":"publish","type":"post","link":"https:\/\/www.hiregyben.online\/reggeljott\/?p=133","title":{"rendered":"S\u00falyos betegs\u00e9gben, hirtelen meghalt Donald Trump"},"content":{"rendered":"<h3>A t\u00f6rt\u00e9net itt vett igaz\u00e1n fordulatot. A t\u00e9m\u00e1ra ugyanis m\u00e1r szakemberek is reag\u00e1ltak, miut\u00e1n egy eg\u00e9szs\u00e9g\u00fcgyi szak\u00e9rt\u0151 egy politikai m\u0171sorban megd\u00f6bbent\u0151 kijelent\u00e9st tett. Szavai szerint \u2013 puszt\u00e1n a nyilv\u00e1nosan el\u00e9rhet\u0151 felv\u00e9telek \u00e9s viselked\u00e9smint\u00e1k alapj\u00e1n \u2013 nem z\u00e1rhat\u00f3 ki, hogy Trump \u00e9let\u00e9b\u0151l ak\u00e1r m\u00e1r csak h\u00f3napok lehetnek h\u00e1tra.<br \/>\nA szak\u00e9rt\u0151 konkr\u00e9tan azt vetette fel, hogy ak\u00e1r n\u00e9gy h\u00f3napn\u00e1l is kevesebb id\u0151 \u00e1llhat rendelkez\u00e9sre, ami azonnal \u00fajabb lavin\u00e1t ind\u00edtott el a m\u00e9di\u00e1ban. A Feh\u00e9r H\u00e1z r\u00e9sz\u00e9r\u0151l nem er\u0151s\u00edtettek meg semmilyen s\u00falyos betegs\u00e9get, a bulv\u00e1rlapok m\u00e1ris k\u00e9sz t\u00e9nyk\u00e9nt t\u00e1lalt\u00e1k a legdr\u00e1maibb forgat\u00f3k\u00f6nyvet.<br \/>\n\u00c9s \u00edgy sz\u00fclethettek meg azok a s0kk0l\u00f3 c\u00edmek, amelyek pillanatok alatt megrengett\u00e9k a k\u00f6zv\u00e9lem\u00e9nyt, miszerint \u00falyos betegs\u00e9gben, hirtelen meghalt Donald Trump!<br \/>\nRengeteg amerikai h\u00e1borodott fel ezeken a szalagc\u00edmeken, f\u0151leg \u00fagy, hogy hivatalosan m\u00e9g csak a betegs\u00e9g\u00e9t sem ismert\u00e9k el!<\/h3>\n<p>VIA NWS \/ Blikkruzs \/ MSN \/ X \/ FB<\/p>\n<p>A megb\u00edzhat\u00f3s\u00e1g ter\u00e9n a Volvo V60 vegyes visszajelz\u00e9seket kap. B\u00e1r a gy\u00e1rt\u00f3 h\u00edres a tart\u00f3s szerkezetekr\u0151l, egyes felhaszn\u00e1l\u00f3i \u00e9s szak\u00e9rt\u0151i forr\u00e1sok szerint az elektronikus rendszerek \u00e9s az infotainment id\u0151nk\u00e9nt okozhatnak bosszant\u00f3 hib\u00e1kat, amelyek jav\u00edt\u00e1sa k\u00f6lts\u00e9ges lehet. A WhatCar? adatai szerint a V60 \u00e9s az S60 csal\u00e1d \u00f6sszess\u00e9g\u00e9ben a pr\u00e9mium kompakt kateg\u00f3ria als\u00f3 k\u00f6z\u00e9pmez\u0151ny\u00e9ben szerepel a megb\u00edzhat\u00f3s\u00e1gi rangsorban, \u00e9s jellemz\u0151 panaszok k\u00f6z\u00f6tt eml\u00edtik az elektronik\u00e1t \u00e9s a navig\u00e1ci\u00f3s rendszer m\u0171k\u00f6d\u00e9s\u00e9t.<\/p>\n<p>Haszn\u00e1lt v\u00e1s\u00e1rl\u00e1skor fontos, hogy ellen\u0151rizz\u00fck a szervizt\u00f6rt\u00e9netet \u00e9s a jav\u00edt\u00e1si dokumentumokat, mert a rendszeres karbantart\u00e1s nagyban hozz\u00e1j\u00e1rul ahhoz, hogy a V60 hossz\u00fa t\u00e1von is probl\u00e9mamentesen \u00fczemeljen. A Volvo szolg\u00e1ltat \u00e9vente vagy nagyj\u00e1b\u00f3l 18 000 m\u00e9rf\u00f6ldenk\u00e9nti szervizeket, amelyek v\u00e1ltakozva kisebb \u00e9s nagyobb karbantart\u00e1si munk\u00e1kat tartalmaznak, bele\u00e9rtve f\u00e9kfolyad\u00e9k- \u00e9s m\u00e1s kop\u00f3 alkatr\u00e9szek cser\u00e9j\u00e9t is.<\/p>\n<p>A V60 ellen\u0151rz\u00e9sekor \u00e9rdemes figyelni azokra a visszah\u00edv\u00e1sokra is, amelyek \u00e9rintett\u00e9k ezt a modellt: voltak probl\u00e9m\u00e1k a csatlakoz\u00e1si modulokkal, felf\u00fcggeszt\u00e9si alkatr\u00e9szekkel, besz\u00edv\u00f3cs\u0151-manifolddal \u00e9s l\u00e9gzs\u00e1kvez\u00e9rl\u0151 egys\u00e9ggel is, ez\u00e9rt mindig ellen\u0151rizz\u00fck, hogy a konkr\u00e9t aut\u00f3 eset\u00e9ben ezek a jav\u00edt\u00e1sok el lettek-e v\u00e9gezve.<\/p>\n<p>R\u00f6viden \u00f6sszefoglalva, a Volvo V60 Mk2 (2017-t\u0151l) egy sokoldal\u00fa, eleg\u00e1ns \u00e9s biztons\u00e1gos pr\u00e9mium kompakt kombi, amely t\u00e1gas utast\u00e9rrel \u00e9s nagym\u00e9ret\u0171 csomagt\u00e9rrel rendelkezik, emellett kiemelked\u0151 k\u00e9nyelmet ny\u00fajt utaz\u00e1s k\u00f6zben. B\u00e1r nem felt\u00e9tlen\u00fcl a sportoss\u00e1got helyezi el\u0151t\u00e9rbe, ink\u00e1bb a k\u00e9nyelmi \u00e9s praktikus oldalakat hangs\u00falyozza, \u00edgy j\u00f3 v\u00e1laszt\u00e1s lehet csal\u00e1di aut\u00f3k\u00e9nt vagy mindennapi haszn\u00e1latra azok sz\u00e1m\u00e1ra, akik fontosnak tartj\u00e1k a magas min\u0151s\u00e9get, biztons\u00e1got \u00e9s egyszerre eleg\u00e1ns megjelen\u00e9st. V\u00e1s\u00e1rl\u00e1s el\u0151tt azonban mindig alaposan vizsg\u00e1ljuk meg a konkr\u00e9t aut\u00f3 m\u0171szaki \u00e1llapot\u00e1t, szervizt\u00f6rt\u00e9net\u00e9t \u00e9s az esetleges probl\u00e9m\u00e1k dokument\u00e1ci\u00f3j\u00e1t, hogy hossz\u00fa t\u00e1von is megb\u00edzhat\u00f3 j\u00e1rm\u0171vet kapjunk.<\/p>\n","protected":false},"excerpt":{"rendered":"<p>A t\u00f6rt\u00e9net itt vett igaz\u00e1n fordulatot. A t\u00e9m\u00e1ra ugyanis m\u00e1r szakemberek is reag\u00e1ltak, miut\u00e1n egy eg\u00e9szs\u00e9g\u00fcgyi szak\u00e9rt\u0151 egy politikai m\u0171sorban&#8230; <span class=\"gridview-grid-post-read-more\"><a href=\"https:\/\/www.hiregyben.online\/reggeljott\/?p=133\">read more<span class=\"gridview-sr-only\"> S\u00falyos betegs\u00e9gben, hirtelen meghalt Donald Trump<\/span><\/a><\/span><\/p>\n","protected":false},"author":1,"featured_media":134,"comment_status":"open","ping_status":"open","sticky":false,"template":"","format":"standard","meta":{"footnotes":""},"categories":[1],"tags":[],"class_list":["post-133","post","type-post","status-publish","format-standard","has-post-thumbnail","hentry","category-egyeb","wpcat-1-id"],"_links":{"self":[{"href":"https:\/\/www.hiregyben.online\/reggeljott\/index.php?rest_route=\/wp\/v2\/posts\/133","targetHints":{"allow":["GET"]}}],"collection":[{"href":"https:\/\/www.hiregyben.online\/reggeljott\/index.php?rest_route=\/wp\/v2\/posts"}],"about":[{"href":"https:\/\/www.hiregyben.online\/reggeljott\/index.php?rest_route=\/wp\/v2\/types\/post"}],"author":[{"embeddable":true,"href":"https:\/\/www.hiregyben.online\/reggeljott\/index.php?rest_route=\/wp\/v2\/users\/1"}],"replies":[{"embeddable":true,"href":"https:\/\/www.hiregyben.online\/reggeljott\/index.php?rest_route=%2Fwp%2Fv2%2Fcomments&post=133"}],"version-history":[{"count":1,"href":"https:\/\/www.hiregyben.online\/reggeljott\/index.php?rest_route=\/wp\/v2\/posts\/133\/revisions"}],"predecessor-version":[{"id":135,"href":"https:\/\/www.hiregyben.online\/reggeljott\/index.php?rest_route=\/wp\/v2\/posts\/133\/revisions\/135"}],"wp:featuredmedia":[{"embeddable":true,"href":"https:\/\/www.hiregyben.online\/reggeljott\/index.php?rest_route=\/wp\/v2\/media\/134"}],"wp:attachment":[{"href":"https:\/\/www.hiregyben.online\/reggeljott\/index.php?rest_route=%2Fwp%2Fv2%2Fmedia&parent=133"}],"wp:term":[{"taxonomy":"category","embeddable":true,"href":"https:\/\/www.hiregyben.online\/reggeljott\/index.php?rest_route=%2Fwp%2Fv2%2Fcategories&post=133"},{"taxonomy":"post_tag","embeddable":true,"href":"https:\/\/www.hiregyben.online\/reggeljott\/index.php?rest_route=%2Fwp%2Fv2%2Ftags&post=133"}],"curies":[{"name":"wp","href":"https:\/\/api.w.org\/{rel}","templated":true}]}}