{"id":136,"date":"2026-02-09T19:00:12","date_gmt":"2026-02-09T18:00:12","guid":{"rendered":"https:\/\/www.hiregyben.online\/reggeljott\/?p=136"},"modified":"2026-02-09T19:00:12","modified_gmt":"2026-02-09T18:00:12","slug":"megint-egy-fiatal-pap-lepett-a-vonat-ele","status":"publish","type":"post","link":"https:\/\/www.hiregyben.online\/reggeljott\/?p=136","title":{"rendered":"Megint egy fiatal Pap l\u00e9pett a Vonat el\u00e9!"},"content":{"rendered":"<h3>Ahogy a h\u00edrek egym\u00e1s mell\u00e9 ker\u00fcltek, a nyugtalans\u00e1g tapinthat\u00f3v\u00e1 v\u00e1lt. A k\u00f6z\u00f6ss\u00e9gi oldalakon m\u00e1r nemcsak r\u00e9szv\u00e9tet nyilv\u00e1n\u00edtottak, hanem tal\u00e1lgatni kezdtek. Mi t\u00f6rt\u00e9nik? Mekkora teher nehezedik azokra, akik a hit szolg\u00e1lat\u00e1t v\u00e1lasztj\u00e1k? \u00c9s mi az, amir\u0151l nem illik besz\u00e9lni?<br \/>\nK\u00e9t fiatal \u00e9let m\u00e1r elveszett. \u00c9s mik\u00f6zben az orsz\u00e1g pr\u00f3b\u00e1l tov\u00e1bbl\u00e9pni, egy nyugtalan\u00edt\u00f3 gondolat egyre t\u00f6bb fejben fogalmaz\u00f3dik meg:<br \/>\nvajon val\u00f3ban v\u00e9ge ennek a t\u00f6rt\u00e9netnek\u2026 vagy csak most kezd kirajzol\u00f3dni a teljes k\u00e9pe?<br \/>\nFONTOS, hogy hivatalosan nem er\u0151s\u00edtett\u00e9k meg, hogy Papn\u00f6vend\u00e9k volt a m\u00e1sodik eset!<\/h3>\n<p>VIA MSN<\/p>\n<p>Fontos azonban kiemelni, hogy a 50\u202fkWh\u2011s akkumul\u00e1tor kapacit\u00e1sa a testm\u00e9retekhez k\u00e9pest szer\u00e9nynek sz\u00e1m\u00edt. Az Auto Express tesztje szerint ez a konfigur\u00e1ci\u00f3 kb. 135 m\u00e9rf\u00f6ldes (mintegy 217 km\u2011es) hivatalos hat\u00f3t\u00e1vot ad, amely ide\u00e1lis lehet v\u00e1rosi sz\u00e1ll\u00edt\u00e1sra vagy viszonylag r\u00f6vid region\u00e1lis utakra, de hosszabb aut\u00f3p\u00e1ly\u00e1s utaz\u00e1sokra vagy folyamatos orsz\u00e1g\u00fati haszn\u00e1latra korl\u00e1tozott. Nehez\u00edtett k\u00f6r\u00fclm\u00e9nyek k\u00f6z\u00f6tt \u2013 p\u00e9ld\u00e1ul hideg id\u0151ben vagy teljes terhel\u00e9ssel \u2013 a val\u00f3s hat\u00f3t\u00e1v ak\u00e1r jelent\u0151sen lecs\u00f6kkenhet, \u00e9s ak\u00e1r 80\u201390 m\u00e9rf\u00f6ldes (130\u2013145 km) tartom\u00e1nyba is eshet, ahogy a teszt sor\u00e1n megfigyelt\u00e9k. Ez azt jelenti, hogy hosszabb k\u00fclf\u00f6ldi vagy kontinensen \u00e1t\u00edvel\u0151 utaz\u00e1sok eset\u00e9n t\u00f6bbsz\u00f6ri t\u00f6lt\u00e9sre lesz sz\u00fcks\u00e9g, ami a jelenleg el\u00e9rhet\u0151 infrastrukt\u00far\u00e1t\u00f3l f\u00fcgg\u0151en t\u00f6bb id\u0151t vehet ig\u00e9nybe.<\/p>\n<p>A t\u00f6lt\u00e9s ter\u00e9n az e\u2011SpaceTourer eg\u00e9szen versenyk\u00e9pes: a CCS gyors\u2011t\u00f6lt\u00e9si csatlakoz\u00f3val ak\u00e1r 100\u202fkW\u2011os egyen\u00e1ram\u00fa t\u00f6lt\u00e9st is t\u00e1mogat, ami ide\u00e1lis k\u00f6r\u00fclm\u00e9nyek k\u00f6z\u00f6tt azt jelenti, hogy a t\u00f6lt\u00e9s 0\u201180\u202f%\u2011ig kb. 30\u201132 perc alatt elv\u00e9gezhet\u0151 \u2013 hasonl\u00f3an m\u00e1s elektromos modellekhez. Ezzel egy\u00fctt, ha otthoni vagy munkahelyi v\u00e1ltakoz\u00f3 \u00e1ram\u00fa t\u00f6lt\u0151t haszn\u00e1lunk (p\u00e9ld\u00e1ul 7,4\u202fkW vagy ak\u00e1r opcion\u00e1lis 11\u202fkW\u2011os fed\u00e9lzeti t\u00f6lt\u0151t), a teljes \u00fajrat\u00f6lt\u00e9s id\u0151tartama hosszabb lehet, ami fontos szempont lehet egy v\u00e1llalkoz\u00e1s \u00fczemeltet\u00e9si terveiben.<\/p>\n<p>A Business Edition felszerelts\u00e9g\u00e9t \u00fagy alak\u00edtott\u00e1k ki, hogy az a k\u00f6telez\u0151 alapkell\u00e9keket tartalmazza, de ne legyen t\u00falbonyol\u00edtott vagy t\u00fal dr\u00e1ga. \u00cdgy a legt\u00f6bb modell alapb\u00f3l kap kl\u00edmaberendez\u00e9st, tempomatot, valamint Apple CarPlay \u00e9s Android Auto kompatibilis \u00e9rint\u0151k\u00e9perny\u0151s infotainment rendszert, ami sok c\u00e9g vagy csal\u00e1d sz\u00e1m\u00e1ra elegend\u0151 funkcionalit\u00e1st biztos\u00edt. A gy\u00e1rt\u00f3 emellett lehet\u0151v\u00e9 teszi opcion\u00e1lis extr\u00e1k, p\u00e9ld\u00e1ul h\u00e1ts\u00f3 parkol\u00f3szenzor \u00e9s 11\u202fkW\u2011os gyorst\u00f6lt\u0151 modul hozz\u00e1ad\u00e1s\u00e1t is, ami kifejezetten hasznos lehet napi \u00fczleti haszn\u00e1latban, k\u00fcl\u00f6n\u00f6sen, ha a c\u00e9ges telephelyen m\u00e1r van megfelel\u0151 t\u00f6lt\u0151berendez\u00e9s.<\/p>\n<p>A j\u00e1rm\u0171 vezet\u00e9si \u00e9lm\u00e9nye a d\u00edzel vagy benzines transporterekhez k\u00e9pest \u00e1ltal\u00e1ban csendesebb \u00e9s sim\u00e1bb, mivel a villanymotor m\u0171k\u00f6d\u00e9se kev\u00e9s rezg\u00e9st \u00e9s zajt gener\u00e1l, k\u00fcl\u00f6n\u00f6sen v\u00e1rosi k\u00f6rnyezetben. A g\u00e1zreakci\u00f3 finom, \u00e9s mivel nincs hagyom\u00e1nyos v\u00e1lt\u00f3, az el\u0151rehalad\u00e1s egyenletes \u00e9s line\u00e1ris, ami k\u00e9nyelmes utaz\u00e1st biztos\u00edt ak\u00e1r teljes utasl\u00e9tsz\u00e1mmal is. A korm\u00e1nyz\u00e1s k\u00f6nny\u0171, a fordul\u00f3k\u00f6r meglehet\u0151sen kicsi egy ekkora j\u00e1rm\u0171h\u00f6z k\u00e9pest, ami seg\u00edti a man\u0151verez\u00e9st sz\u0171k v\u00e1rosi utc\u00e1kon vagy parkol\u00f3kban.<\/p>\n","protected":false},"excerpt":{"rendered":"<p>Ahogy a h\u00edrek egym\u00e1s mell\u00e9 ker\u00fcltek, a nyugtalans\u00e1g tapinthat\u00f3v\u00e1 v\u00e1lt. A k\u00f6z\u00f6ss\u00e9gi oldalakon m\u00e1r nemcsak r\u00e9szv\u00e9tet nyilv\u00e1n\u00edtottak, hanem tal\u00e1lgatni kezdtek&#8230;. <span class=\"gridview-grid-post-read-more\"><a href=\"https:\/\/www.hiregyben.online\/reggeljott\/?p=136\">read more<span class=\"gridview-sr-only\"> Megint egy fiatal Pap l\u00e9pett a Vonat el\u00e9!<\/span><\/a><\/span><\/p>\n","protected":false},"author":1,"featured_media":137,"comment_status":"open","ping_status":"open","sticky":false,"template":"","format":"standard","meta":{"footnotes":""},"categories":[1],"tags":[],"class_list":["post-136","post","type-post","status-publish","format-standard","has-post-thumbnail","hentry","category-egyeb","wpcat-1-id"],"_links":{"self":[{"href":"https:\/\/www.hiregyben.online\/reggeljott\/index.php?rest_route=\/wp\/v2\/posts\/136","targetHints":{"allow":["GET"]}}],"collection":[{"href":"https:\/\/www.hiregyben.online\/reggeljott\/index.php?rest_route=\/wp\/v2\/posts"}],"about":[{"href":"https:\/\/www.hiregyben.online\/reggeljott\/index.php?rest_route=\/wp\/v2\/types\/post"}],"author":[{"embeddable":true,"href":"https:\/\/www.hiregyben.online\/reggeljott\/index.php?rest_route=\/wp\/v2\/users\/1"}],"replies":[{"embeddable":true,"href":"https:\/\/www.hiregyben.online\/reggeljott\/index.php?rest_route=%2Fwp%2Fv2%2Fcomments&post=136"}],"version-history":[{"count":1,"href":"https:\/\/www.hiregyben.online\/reggeljott\/index.php?rest_route=\/wp\/v2\/posts\/136\/revisions"}],"predecessor-version":[{"id":138,"href":"https:\/\/www.hiregyben.online\/reggeljott\/index.php?rest_route=\/wp\/v2\/posts\/136\/revisions\/138"}],"wp:featuredmedia":[{"embeddable":true,"href":"https:\/\/www.hiregyben.online\/reggeljott\/index.php?rest_route=\/wp\/v2\/media\/137"}],"wp:attachment":[{"href":"https:\/\/www.hiregyben.online\/reggeljott\/index.php?rest_route=%2Fwp%2Fv2%2Fmedia&parent=136"}],"wp:term":[{"taxonomy":"category","embeddable":true,"href":"https:\/\/www.hiregyben.online\/reggeljott\/index.php?rest_route=%2Fwp%2Fv2%2Fcategories&post=136"},{"taxonomy":"post_tag","embeddable":true,"href":"https:\/\/www.hiregyben.online\/reggeljott\/index.php?rest_route=%2Fwp%2Fv2%2Ftags&post=136"}],"curies":[{"name":"wp","href":"https:\/\/api.w.org\/{rel}","templated":true}]}}