{"id":142,"date":"2026-02-10T18:43:51","date_gmt":"2026-02-10T17:43:51","guid":{"rendered":"https:\/\/www.hiregyben.online\/reggeljott\/?p=142"},"modified":"2026-02-10T18:43:51","modified_gmt":"2026-02-10T17:43:51","slug":"elkaptak-egressy-matyas-elkovetojet","status":"publish","type":"post","link":"https:\/\/www.hiregyben.online\/reggeljott\/?p=142","title":{"rendered":"Elkapt\u00e1k Egressy M\u00e1ty\u00e1s elk\u00f6vet\u0151j\u00e9t!"},"content":{"rendered":"<h3>Tan\u00fak vallom\u00e1sai szerint M\u00e1ty\u00e1s az \u00d6rs vez\u00e9r ter\u00e9n k\u00e9ts\u00e9gbeesetten rohang\u00e1lt, idegeneket sz\u00f3l\u00edtott le, mindenkit\u0151l ugyanazt k\u00e9rdezve: \u201eNem l\u00e1ttad a telefonomat?\u201d Egy tin\u00e9dzser szemtan\u00fa elmondta, hogy a fi\u00fa remegve kereste az iPhone-j\u00e1t, mik\u00f6zben egyre zaklatottabb lett.<br \/>\n\u2013 Folyamatosan azt hajtogatta, hogy \u201ev\u00e9gem van\u201d \u2013 id\u00e9zte fel a fiatal, aki k\u00e9s\u0151bb a rend\u0151rs\u00e9gen is vallom\u00e1st tett.<br \/>\nA rend\u0151rs\u00e9g birtok\u00e1ba ker\u00fclt egy dunai haj\u00f3 kamerafelv\u00e9tele, amelyen az l\u00e1that\u00f3: M\u00e1ty\u00e1s a L\u00e1nch\u00eddr\u00f3l a Dun\u00e1ba zuhan. A h\u00eddon megtal\u00e1lt\u00e1k a kulcscsom\u00f3j\u00e1t is. Az\u00f3ta is a foly\u00f3ban keresik.<br \/>\n\u00c9desapja, Egressy Attila kor\u00e1bban \u00f6sszet\u00f6rten nyilatkozott a Blikknek. Elmondta: a legf\u00e1j\u00f3bb sz\u00e1m\u00e1ra az, hogy senki nem seg\u00edtett rajta, amikor l\u00e1that\u00f3an bajban volt.<br \/>\nAz \u00fcgyben ugyan megsz\u00fcletett az els\u0151 elfog\u00e1s, de a legnagyobb k\u00e9rd\u00e9s tov\u00e1bbra is ott lebeg a leveg\u0151ben: ha azon az \u00e9jszak\u00e1n valaki id\u0151ben odal\u00e9p hozz\u00e1\u2026 vajon megmenthet\u0151 lett volna?<\/h3>\n<p>VIA Blikk<\/p>\n<p>A Navara kabinja a pickup kateg\u00f3ri\u00e1hoz k\u00e9pest igen bar\u00e1ts\u00e1gos \u00e9s j\u00f3l felszerelt lehet. A bels\u0151 t\u00e9r kialak\u00edt\u00e1sa sok esetben SUV-jelleg\u0171 megold\u00e1sokat vonultat fel: modern infotainment rendszer, \u00e9rint\u0151k\u00e9perny\u0151, okostelefon-integr\u00e1ci\u00f3 (Apple CarPlay, Android Auto), automata kl\u00edma, tempomat \u00e9s b\u0151rrel vagy pr\u00e9mium anyagokkal szerelt k\u00e1rpitok is el\u00e9rhet\u0151k a magasabb felszerelts\u00e9gi szinteken.<br \/>\nFontos azonban tudni, hogy pickup eset\u00e9ben a padl\u00f3 \u00e9s \u00fcl\u00e9sek elhelyez\u00e9se m\u00e1s, mint egy hagyom\u00e1nyos szem\u00e9lyaut\u00f3ban: a padl\u00f3 magasabban van, a kil\u00e1t\u00e1s \u00e9s \u00fcl\u00e9shelyzet m\u00e1s \u00e9rzetet ad, \u00e9s a kezel\u0151szervek is praktikusabb, kev\u00e9sb\u00e9 \u201eluxusaut\u00f3s\u201d jelleg\u0171ek.<\/p>\n<p>A Navara a kor\u00e1bbi \u00e9vek tesztjei sor\u00e1n egyszer m\u00e1r \u2013 k\u00fcl\u00f6n\u00f6sen a r\u00e9gebbi modellek \u2013 csak h\u00e1romcsillagos Euro NCAP min\u0151s\u00edt\u00e9st \u00e9rtek el, de ezt k\u00f6vet\u0151en jelent\u0151s biztons\u00e1gi fejleszt\u00e9seket kapott. A modern v\u00e1ltozatokban megtal\u00e1lhat\u00f3ak az olyan akt\u00edv \u00e9s passz\u00edv biztons\u00e1gi rendszerek, mint a menetstabiliz\u00e1l\u00f3, blokkol\u00e1sg\u00e1tl\u00f3 f\u00e9kek, t\u00f6bb l\u00e9gzs\u00e1k, Isofix gyermek\u00fcl\u00e9s-r\u00f6gz\u00edt\u0151k, valamint opcion\u00e1lisan fed\u00e9lzeti v\u00e9szf\u00e9krendszer \u00e9s kamera-alap\u00fa vezet\u00e9st\u00e1mogat\u00f3k.<\/p>\n<p>A fogyaszt\u00e1s a d\u00edzelmotoros pickupok k\u00f6z\u00f6tt elfogadhat\u00f3 szinten mozog: norm\u00e1l haszn\u00e1lat mellett ink\u00e1bb 7\u20139 l\/100 km k\u00f6r\u00fcl alakul, ami a kateg\u00f3ria nagys\u00e1grendj\u00e9ben versenyk\u00e9pes. Tekergetett menetben vagy nehezebb rakom\u00e1nnyal term\u00e9szetesen n\u0151 a fogyaszt\u00e1s.<br \/>\nA fenntart\u00e1si k\u00f6lts\u00e9gek jellemz\u0151en nem olcs\u00f3bbak a szem\u00e9lyaut\u00f3k\u00e9n\u00e1l, \u00e9s bizonyos alkatr\u00e9szek vagy szervizmunk\u00e1k \u00e1ra magasabb lehet, mint kompakt vagy k\u00f6z\u00e9pkateg\u00f3ri\u00e1s aut\u00f3kn\u00e1l, de pickup-szinten a Navara \u00e1ltal\u00e1ban j\u00f3 hossz\u00fa t\u00e1v\u00fa, tart\u00f3s j\u00e1rm\u0171nek sz\u00e1m\u00edt, felt\u00e9ve, hogy rendszeresen \u00e9s szakszer\u0171en karbantartj\u00e1k.<br \/>\nA Nissan Navara er\u0151s versenyben \u00e1ll m\u00e1s k\u00f6z\u00e9pkateg\u00f3ri\u00e1s pickupokkal, mint p\u00e9ld\u00e1ul a Ford Ranger, Toyota Hilux, Mitsubishi L200 \u00e9s Isuzu D-Max, amelyek mindegyike k\u00fcl\u00f6n er\u0151ss\u00e9gekkel b\u00edr. A Navara el\u0151nyei k\u00f6z\u00e9 tartozik a j\u00f3 \u00e1r-\u00e9rt\u00e9k ar\u00e1ny, a k\u00e9nyelmes felf\u00fcggeszt\u00e9s \u00e9s a rugalmass\u00e1g, m\u00edg a versenyt\u00e1rsak esetenk\u00e9nt sportosabb menettulajdons\u00e1got, er\u0151sebb m\u00e1rka-im\u00e1zst vagy speci\u00e1lis terepj\u00e1r\u00f3-k\u00e9pess\u00e9geket k\u00edn\u00e1lnak.<\/p>\n","protected":false},"excerpt":{"rendered":"<p>Tan\u00fak vallom\u00e1sai szerint M\u00e1ty\u00e1s az \u00d6rs vez\u00e9r ter\u00e9n k\u00e9ts\u00e9gbeesetten rohang\u00e1lt, idegeneket sz\u00f3l\u00edtott le, mindenkit\u0151l ugyanazt k\u00e9rdezve: \u201eNem l\u00e1ttad a telefonomat?\u201d&#8230; <span class=\"gridview-grid-post-read-more\"><a href=\"https:\/\/www.hiregyben.online\/reggeljott\/?p=142\">read more<span class=\"gridview-sr-only\"> Elkapt\u00e1k Egressy M\u00e1ty\u00e1s elk\u00f6vet\u0151j\u00e9t!<\/span><\/a><\/span><\/p>\n","protected":false},"author":1,"featured_media":143,"comment_status":"open","ping_status":"open","sticky":false,"template":"","format":"standard","meta":{"footnotes":""},"categories":[1],"tags":[],"class_list":["post-142","post","type-post","status-publish","format-standard","has-post-thumbnail","hentry","category-egyeb","wpcat-1-id"],"_links":{"self":[{"href":"https:\/\/www.hiregyben.online\/reggeljott\/index.php?rest_route=\/wp\/v2\/posts\/142","targetHints":{"allow":["GET"]}}],"collection":[{"href":"https:\/\/www.hiregyben.online\/reggeljott\/index.php?rest_route=\/wp\/v2\/posts"}],"about":[{"href":"https:\/\/www.hiregyben.online\/reggeljott\/index.php?rest_route=\/wp\/v2\/types\/post"}],"author":[{"embeddable":true,"href":"https:\/\/www.hiregyben.online\/reggeljott\/index.php?rest_route=\/wp\/v2\/users\/1"}],"replies":[{"embeddable":true,"href":"https:\/\/www.hiregyben.online\/reggeljott\/index.php?rest_route=%2Fwp%2Fv2%2Fcomments&post=142"}],"version-history":[{"count":1,"href":"https:\/\/www.hiregyben.online\/reggeljott\/index.php?rest_route=\/wp\/v2\/posts\/142\/revisions"}],"predecessor-version":[{"id":144,"href":"https:\/\/www.hiregyben.online\/reggeljott\/index.php?rest_route=\/wp\/v2\/posts\/142\/revisions\/144"}],"wp:featuredmedia":[{"embeddable":true,"href":"https:\/\/www.hiregyben.online\/reggeljott\/index.php?rest_route=\/wp\/v2\/media\/143"}],"wp:attachment":[{"href":"https:\/\/www.hiregyben.online\/reggeljott\/index.php?rest_route=%2Fwp%2Fv2%2Fmedia&parent=142"}],"wp:term":[{"taxonomy":"category","embeddable":true,"href":"https:\/\/www.hiregyben.online\/reggeljott\/index.php?rest_route=%2Fwp%2Fv2%2Fcategories&post=142"},{"taxonomy":"post_tag","embeddable":true,"href":"https:\/\/www.hiregyben.online\/reggeljott\/index.php?rest_route=%2Fwp%2Fv2%2Ftags&post=142"}],"curies":[{"name":"wp","href":"https:\/\/api.w.org\/{rel}","templated":true}]}}