{"id":151,"date":"2026-02-10T21:04:06","date_gmt":"2026-02-10T20:04:06","guid":{"rendered":"https:\/\/www.hiregyben.online\/reggeljott\/?p=151"},"modified":"2026-02-10T21:04:06","modified_gmt":"2026-02-10T20:04:06","slug":"oriasi-a-felhaborodas-fenyo-miklos-temetese-miatt","status":"publish","type":"post","link":"https:\/\/www.hiregyben.online\/reggeljott\/?p=151","title":{"rendered":"\u00d3ri\u00e1si a felh\u00e1borod\u00e1s Feny\u0151 Mikl\u00f3s temet\u00e9se miatt!"},"content":{"rendered":"<h3>A ravataloz\u00f3ban feh\u00e9r r\u00f3zs\u00e1k, k\u00f6nnyek \u00e9s sz\u00edvszor\u00edt\u00f3 szavak k\u00eds\u00e9rt\u00e9k Feny\u0151 Mikl\u00f3st utols\u00f3 \u00fatj\u00e1ra. L\u00e1nya, Di\u00e1na \u2013 akit az \u00e9nekes csak Di\u00f3nak h\u00edvott \u2013 megt\u00f6rten, zokogva mondott b\u00facs\u00fabesz\u00e9det. Szavai minden jelenl\u00e9v\u0151 sz\u00edv\u00e9be belemartak: a szerelemr\u0151l, az \u00e9letr\u0151l, az apai humorr\u00f3l \u00e9s az \u00f6r\u00f6ks\u00e9gr\u0151l besz\u00e9lt, amely tov\u00e1bb \u00e9l az unok\u00e1kban.<br \/>\nK\u00f6zben azonban odakint a rajong\u00f3k n\u00e9m\u00e1n \u00e1lltak a temet\u0151n\u00e9l, kiz\u00e1rva, \u00f6sszet\u00f6rve. Sokan k\u00f6z\u00fcl\u00fck csak messzir\u0151l hallhatt\u00e1k a zen\u00e9t, tudva, hogy kedvenc\u00fck v\u00e9gs\u0151 b\u00facs\u00faj\u00e1r\u00f3l lemaradtak.<br \/>\nVoltak akik teljesen meg\u00e9rtett\u00e9k a csal\u00e1d k\u00e9r\u00e9s\u00e9t, voltak akik nem. Besz\u00e1mol\u00f3k szerint majdnem vere\/\/ked\u00e9s t\u00f6rt ki k\u00e9t kisebb csapat k\u00f6z\u00f6tt, volt aki egyenesen a csal\u00e1dot szidta.<br \/>\nA jampikir\u00e1ly elment \u2013 de a d\u00f6nt\u00e9s, hogy a rajong\u00f3k nem lehettek ott, \u00f3ri\u00e1si felh\u00e1borod\u00e1st v\u00e1ltott ki, \u00e9s m\u00e9g sok\u00e1ig t\u00e9ma marad:<br \/>\nvajon lehet-e egy nemzeti ikon b\u00facs\u00faja val\u00f3ban csak a csal\u00e1d \u00fcgye? \u00d6n mit gondol?<\/h3>\n<p>VIA RDit \/ Bors<\/p>\n<p>Az \u00faj Nissan X-Trail sz\u00e9lesebb \u00e9s magasabb lett, mint az el\u0151z\u0151 gener\u00e1ci\u00f3s modell, r\u00e1ad\u00e1sul \u00e9lesebb vonalvezet\u00e9s\u00e9nek k\u00f6sz\u00f6nhet\u0151en sokkal agressz\u00edvebb megjelen\u00e9st kapott \u2013 a gy\u00e1rt\u00f3 abban b\u00edzik, hogy ezzel siker\u00fcl majd elcs\u00e1b\u00edtani a v\u00e1s\u00e1rl\u00f3kat a j\u00f3l bej\u00e1ratott riv\u00e1lisokt\u00f3l.<br \/>\nMivel az aut\u00f3iparban az elektromos\u00edt\u00e1s egyre ink\u00e1bb alapelv\u00e1r\u00e1ss\u00e1 v\u00e1lik, a Nissan \u00fagy d\u00f6nt\u00f6tt, hogy nem hagyom\u00e1nyos full-hybrid vagy plug-in hybrid hajt\u00e1sl\u00e1ncot k\u00edn\u00e1l az X-Trailhez, hanem egy \u00fagynevezett hat\u00f3t\u00e1vn\u00f6vel\u0151s hibrid rendszert, amelyet e-Power n\u00e9ven emleget. Ez a technol\u00f3gia egy 1,5 literes benzinmotort haszn\u00e1l arra, hogy felt\u00f6ltse az akkumul\u00e1tort, amely viszont m\u00e1r egy elektromos motort hajt meg \u2013 teh\u00e1t az aut\u00f3 kerekeit k\u00f6zvetlen\u00fcl csak a villanymotor mozgatja. Az X-Trail v\u00e1s\u00e1rl\u00f3i v\u00e1laszthatnak egy 201 l\u00f3er\u0151s, els\u0151ker\u00e9k-meghajt\u00e1s\u00fa, egyetlen villanymotorral szerelt v\u00e1ltozatot, vagy egy 210 l\u00f3er\u0151s \u00f6sszker\u00e9khajt\u00e1s\u00fa, k\u00e9t villanymotoros kivitelt.<\/p>\n<p>A bel\u00e9p\u0151 szintet egy 161 l\u00f3er\u0151s, mild-hybrid hajt\u00e1s\u00fa, els\u0151ker\u00e9k-meghajt\u00e1s\u00fa v\u00e1ltozat k\u00e9pviseli, \u00e9s minden modellben megtal\u00e1lhat\u00f3 a Nissan Xtronic nev\u0171 CVT automata v\u00e1lt\u00f3ja.<br \/>\nA felszerelts\u00e9gi szintek k\u00f6z\u00f6tt szerepel az Acenta Premium, az N-Connecta, a Tekna, az N-Trek \u00e9s a Tekna+, mindegyik v\u00e1ltozat b\u0151s\u00e9ges k\u00e9nyelmi funkci\u00f3kat k\u00edn\u00e1l. Az alap Acenta Premium m\u00e1r tartalmaz tolat\u00f3kamer\u00e1t, k\u00e9tz\u00f3n\u00e1s kl\u00edmaberendez\u00e9st, valamint Apple CarPlay \u00e9s Android Auto csatlakoz\u00e1si lehet\u0151s\u00e9get. Az \u00e1ltalunk legink\u00e1bb aj\u00e1nlott N-Connecta felszerelts\u00e9g pedig m\u00e1r egy 12,3 colos infotainment kijelz\u0151t is tartalmaz be\u00e9p\u00edtett navig\u00e1ci\u00f3val, kieg\u00e9sz\u00edtve a digit\u00e1lis m\u0171szeregys\u00e9ggel, amely olyan fontos inform\u00e1ci\u00f3kat jelen\u00edt meg a vezet\u0151 sz\u00e1m\u00e1ra, mint az \u00fatvonaltervez\u00e9s, az akt\u00edv biztons\u00e1gi rendszerek \u00e1llapota vagy a hangrendszer kezel\u00e9se.<br \/>\nHa \u00e9rdekel, hogy saj\u00e1t Nissan X-Trailhez juss, mi seg\u00edt\u00fcnk. \u00d6ssze\u00e1ll\u00edthatod az ide\u00e1lis v\u00e1ltozatot, \u00e9s a keresked\u0151i h\u00e1l\u00f3zatunkon kereszt\u00fcl kiv\u00e1l\u00f3 aj\u00e1nlatokat kaphatsz. Megn\u00e9zheted a legjobb l\u00edzingaj\u00e1nlatokat, vagy b\u00f6ng\u00e9szhetsz a haszn\u00e1lt X-Trail modellek k\u00f6z\u00f6tt a \u201eFind A Car\u201d szolg\u00e1ltat\u00e1s seg\u00edts\u00e9g\u00e9vel. Emellett a megl\u00e9v\u0151 aut\u00f3dat is j\u00f3 \u00e1ron eladhatod az Auto Express \u201eSell My Car\u201d rendszer\u00e9n kereszt\u00fcl.<\/p>\n","protected":false},"excerpt":{"rendered":"<p>A ravataloz\u00f3ban feh\u00e9r r\u00f3zs\u00e1k, k\u00f6nnyek \u00e9s sz\u00edvszor\u00edt\u00f3 szavak k\u00eds\u00e9rt\u00e9k Feny\u0151 Mikl\u00f3st utols\u00f3 \u00fatj\u00e1ra. L\u00e1nya, Di\u00e1na \u2013 akit az \u00e9nekes csak&#8230; <span class=\"gridview-grid-post-read-more\"><a href=\"https:\/\/www.hiregyben.online\/reggeljott\/?p=151\">read more<span class=\"gridview-sr-only\"> \u00d3ri\u00e1si a felh\u00e1borod\u00e1s Feny\u0151 Mikl\u00f3s temet\u00e9se miatt!<\/span><\/a><\/span><\/p>\n","protected":false},"author":1,"featured_media":152,"comment_status":"open","ping_status":"open","sticky":false,"template":"","format":"standard","meta":{"footnotes":""},"categories":[1],"tags":[],"class_list":["post-151","post","type-post","status-publish","format-standard","has-post-thumbnail","hentry","category-egyeb","wpcat-1-id"],"_links":{"self":[{"href":"https:\/\/www.hiregyben.online\/reggeljott\/index.php?rest_route=\/wp\/v2\/posts\/151","targetHints":{"allow":["GET"]}}],"collection":[{"href":"https:\/\/www.hiregyben.online\/reggeljott\/index.php?rest_route=\/wp\/v2\/posts"}],"about":[{"href":"https:\/\/www.hiregyben.online\/reggeljott\/index.php?rest_route=\/wp\/v2\/types\/post"}],"author":[{"embeddable":true,"href":"https:\/\/www.hiregyben.online\/reggeljott\/index.php?rest_route=\/wp\/v2\/users\/1"}],"replies":[{"embeddable":true,"href":"https:\/\/www.hiregyben.online\/reggeljott\/index.php?rest_route=%2Fwp%2Fv2%2Fcomments&post=151"}],"version-history":[{"count":1,"href":"https:\/\/www.hiregyben.online\/reggeljott\/index.php?rest_route=\/wp\/v2\/posts\/151\/revisions"}],"predecessor-version":[{"id":153,"href":"https:\/\/www.hiregyben.online\/reggeljott\/index.php?rest_route=\/wp\/v2\/posts\/151\/revisions\/153"}],"wp:featuredmedia":[{"embeddable":true,"href":"https:\/\/www.hiregyben.online\/reggeljott\/index.php?rest_route=\/wp\/v2\/media\/152"}],"wp:attachment":[{"href":"https:\/\/www.hiregyben.online\/reggeljott\/index.php?rest_route=%2Fwp%2Fv2%2Fmedia&parent=151"}],"wp:term":[{"taxonomy":"category","embeddable":true,"href":"https:\/\/www.hiregyben.online\/reggeljott\/index.php?rest_route=%2Fwp%2Fv2%2Fcategories&post=151"},{"taxonomy":"post_tag","embeddable":true,"href":"https:\/\/www.hiregyben.online\/reggeljott\/index.php?rest_route=%2Fwp%2Fv2%2Ftags&post=151"}],"curies":[{"name":"wp","href":"https:\/\/api.w.org\/{rel}","templated":true}]}}