{"id":154,"date":"2026-02-10T21:40:39","date_gmt":"2026-02-10T20:40:39","guid":{"rendered":"https:\/\/www.hiregyben.online\/reggeljott\/?p=154"},"modified":"2026-02-10T21:40:39","modified_gmt":"2026-02-10T20:40:39","slug":"igazoltattak-majd-bevittek-a-rendorok-gaspar-evelint","status":"publish","type":"post","link":"https:\/\/www.hiregyben.online\/reggeljott\/?p=154","title":{"rendered":"Igazoltatt\u00e1k, majd bevitt\u00e9k a rend\u0151r\u00f6k G\u00e1sp\u00e1r Evelint!"},"content":{"rendered":"<h3>A fesz\u00fclts\u00e9g a t\u00e1rgyal\u00f3teremben tet\u0151fok\u00e1ra h\u00e1gott, amikor Evelin megsz\u00f3lalt. K\u00f6nnyekkel k\u00fcszk\u00f6dve vallotta be: \u00e1ll\u00edt\u00e1sa szerint nem tudott arr\u00f3l, hogy az okm\u00e1nyok ham\/sak. \u201eMegb\u00edztam benne. Elegem van abb\u00f3l, hogy mindenki \u00e1tv\/er \u00e9s kihaszn\/\u00e1l\u201d \u2013 fakadt ki a Blikknek. Elmond\u00e1sa szerint ismerts\u00e9ge \u00e9s anyagi helyzete miatt sokan vissza\u00e9lnek a bizalm\u00e1val, emberileg \u00e9s p\u00e9nz\u00fcgyileg is. \u201eH\u00e1rom \u00e9ve m\u00e9g nagyon na\u00edv voltam\u201d \u2013 tette hozz\u00e1, majd dr\u00e1mai \u0151szintes\u00e9ggel \u00e1rulta el: ez az \u00fcgy teljesen \u00e1tform\u00e1lta az \u00e9let\u00e9t, \u00e9s a bar\u00e1ti k\u00f6re m\u00e1ra szinte teljesen elt\u0171nt. A celebvil\u00e1g egyik legismertebb csal\u00e1dj\u00e1nak \u00e1rny\u00e9k\u00e1ban Evelin egyed\u00fcl n\u00e9zett szembe a k\u00f6vetkezm\u00e9nyekkel.<\/h3>\n<p>VIA femcafe<\/p>\n<p>Az 89 l\u00f3er\u0151s v\u00e1ltozathoz el\u00e9rhet\u0151 hatfokozat\u00fa automata v\u00e1lt\u00f3 is, de a Mazda M Hybrid enyhe hibrid technol\u00f3gi\u00e1t csak a k\u00e9zi v\u00e1lt\u00f3s modellek k\u00edn\u00e1lj\u00e1k.<br \/>\nA benzines motorok t\u00e9nyleg \u00f6szt\u00f6n\u00f6znek arra, hogy dinamikusan vezess, \u00e9s m\u00e9g az 89 l\u00f3er\u0151s v\u00e1ltozat is majdnem olyan teljes\u00edtm\u00e9nyt ny\u00fajt, mint egy forr\u00f3 kisaut\u00f3. Ez egy \u00e9lvezetes motor, de turb\u00f3 hi\u00e1ny\u00e1ban csak 151 Nm nyomat\u00e9kot ad le 3500-as fordulatsz\u00e1mon. Emiatt fel kell p\u00f6rgetni a motort, hogy kihozd bel\u0151le a teljes\u00edtm\u00e9nyt, viszont ez nem megterhel\u0151, mert a n\u00e9gyhengeres egys\u00e9g sz\u00e9pen p\u00f6r\u00f6g eg\u00e9szen 6000-es fordulatig, ahol a cs\u00facsteljes\u00edtm\u00e9nyt adja le.<\/p>\n<p>A k\u00f6nnyed \u00f6tsebess\u00e9ges k\u00e9zi v\u00e1lt\u00f3 (a nagyobb, 113 l\u00f3er\u0151s motorhoz m\u00e1r hatfokozat\u00fa j\u00e1r) m\u00e9g tov\u00e1bb fokozza az \u00e9lm\u00e9nyt. K\u00f6nnyen v\u00e1ltogathatsz felfele, mert a v\u00e1lt\u00f3kar \u00fatja pont megfelel\u0151 hossz\u00fas\u00e1g\u00fa \u00e9s a korm\u00e1nyz\u00e1s is j\u00f3l adagolt. Ugyanakkor a nyomat\u00e9k hi\u00e1nya v\u00e1rosi, alacsony sebess\u00e9gn\u00e9l m\u00e1r jobban \u00e9rezhet\u0151. Ez azt jelenti, hogy a Mazda nem olyan rugalmas, mint egy turb\u00f3s kisaut\u00f3, \u00edgy kiss\u00e9 megterhel\u0151bb vezetni.<br \/>\nA Mazda 2 egy\u00e1ltal\u00e1n nem lass\u00fa, az 89 l\u00f3er\u0151s modell tesztj\u00e9n 0-60 mph-re 9,9 m\u00e1sodpercet m\u00e9rt\u00fcnk. 30-70 mph k\u00f6z\u00f6tti gyorsul\u00e1sra pedig 10,2 m\u00e1sodpercet. Ez a teljes g\u00e1zra vonatkozik, viszont menet k\u00f6zbeni gyors\u00edt\u00e1sn\u00e1l a motor nyomat\u00e9khi\u00e1nya jobban felt\u0171nik. A Mazda szerint a 113 l\u00f3er\u0151s v\u00e1ltozat \u00e1ll\u00f3 helyzetb\u0151l 62 mph-ra 9,1 m\u00e1sodperc alatt \u00e9r fel.<br \/>\nAz alap 74 l\u00f3er\u0151s benzines megfelel\u0151, de kem\u00e9nyen kell dolgoztatni, hogy gyorsuljon. Viszont orsz\u00e1g\u00fati temp\u00f3n\u00e1l ez a megfizethet\u0151 motor k\u00e9nyelmesen aut\u00f3zhat\u00f3.<\/p>\n","protected":false},"excerpt":{"rendered":"<p>A fesz\u00fclts\u00e9g a t\u00e1rgyal\u00f3teremben tet\u0151fok\u00e1ra h\u00e1gott, amikor Evelin megsz\u00f3lalt. K\u00f6nnyekkel k\u00fcszk\u00f6dve vallotta be: \u00e1ll\u00edt\u00e1sa szerint nem tudott arr\u00f3l, hogy az&#8230; <span class=\"gridview-grid-post-read-more\"><a href=\"https:\/\/www.hiregyben.online\/reggeljott\/?p=154\">read more<span class=\"gridview-sr-only\"> Igazoltatt\u00e1k, majd bevitt\u00e9k a rend\u0151r\u00f6k G\u00e1sp\u00e1r Evelint!<\/span><\/a><\/span><\/p>\n","protected":false},"author":1,"featured_media":155,"comment_status":"open","ping_status":"open","sticky":false,"template":"","format":"standard","meta":{"footnotes":""},"categories":[1],"tags":[],"class_list":["post-154","post","type-post","status-publish","format-standard","has-post-thumbnail","hentry","category-egyeb","wpcat-1-id"],"_links":{"self":[{"href":"https:\/\/www.hiregyben.online\/reggeljott\/index.php?rest_route=\/wp\/v2\/posts\/154","targetHints":{"allow":["GET"]}}],"collection":[{"href":"https:\/\/www.hiregyben.online\/reggeljott\/index.php?rest_route=\/wp\/v2\/posts"}],"about":[{"href":"https:\/\/www.hiregyben.online\/reggeljott\/index.php?rest_route=\/wp\/v2\/types\/post"}],"author":[{"embeddable":true,"href":"https:\/\/www.hiregyben.online\/reggeljott\/index.php?rest_route=\/wp\/v2\/users\/1"}],"replies":[{"embeddable":true,"href":"https:\/\/www.hiregyben.online\/reggeljott\/index.php?rest_route=%2Fwp%2Fv2%2Fcomments&post=154"}],"version-history":[{"count":1,"href":"https:\/\/www.hiregyben.online\/reggeljott\/index.php?rest_route=\/wp\/v2\/posts\/154\/revisions"}],"predecessor-version":[{"id":156,"href":"https:\/\/www.hiregyben.online\/reggeljott\/index.php?rest_route=\/wp\/v2\/posts\/154\/revisions\/156"}],"wp:featuredmedia":[{"embeddable":true,"href":"https:\/\/www.hiregyben.online\/reggeljott\/index.php?rest_route=\/wp\/v2\/media\/155"}],"wp:attachment":[{"href":"https:\/\/www.hiregyben.online\/reggeljott\/index.php?rest_route=%2Fwp%2Fv2%2Fmedia&parent=154"}],"wp:term":[{"taxonomy":"category","embeddable":true,"href":"https:\/\/www.hiregyben.online\/reggeljott\/index.php?rest_route=%2Fwp%2Fv2%2Fcategories&post=154"},{"taxonomy":"post_tag","embeddable":true,"href":"https:\/\/www.hiregyben.online\/reggeljott\/index.php?rest_route=%2Fwp%2Fv2%2Ftags&post=154"}],"curies":[{"name":"wp","href":"https:\/\/api.w.org\/{rel}","templated":true}]}}