{"id":160,"date":"2026-02-11T17:03:53","date_gmt":"2026-02-11T16:03:53","guid":{"rendered":"https:\/\/www.hiregyben.online\/reggeljott\/?p=160"},"modified":"2026-02-11T17:03:53","modified_gmt":"2026-02-11T16:03:53","slug":"kijott-a-titkos-felvetel-magyar-peterekrol","status":"publish","type":"post","link":"https:\/\/www.hiregyben.online\/reggeljott\/?p=160","title":{"rendered":"Kij\u00f6tt a titkos felv\u00e9tel Magyar P\u00e9ter\u00e9kr\u0151l!"},"content":{"rendered":"<h3>A fesz\u00fclts\u00e9get v\u00e9g\u00fcl maga Magyar P\u00e9ter emelte \u00faj szintre. A Tisza P\u00e1rt eln\u00f6ke szerint nem kiz\u00e1rt, hogy egy titk0sszolg\u00e1lati eszk\u00f6z\u00f6kkel r\u00f6gz\u00edtett, esetleg manipul\u00e1lt felv\u00e9tel nyilv\u00e1noss\u00e1gra hozatal\u00e1ra k\u00e9sz\u00fclnek. \u00dagy fogalmazott: elk\u00e9pzelhet\u0151, hogy egy kor\u00e1bbi partner\u00e9vel k\u00e9sz\u00fclt egy\u00fct\/t\/l\u00e9tr\u0151l sz\u00f3l\u00f3 anyagot akarnak felhaszn\u00e1lni ellene.<br \/>\n\u201e45 \u00e9ves f\u00e9rfi vagyok, szoktam sz**u*lis \u00e9letet \u00e9lni\u201d \u2013 \u00edrta, hozz\u00e1t\u00e9ve, hogy nem enged semmilyen zsar0\/\u00e1snak.<br \/>\nEgyel\u0151re csak a titkos kamerak\u00e9p l\u00e1that\u00f3. De ha val\u00f3ban l\u00e9tezik egy teljes felv\u00e9tel, \u00e9s azt nyilv\u00e1noss\u00e1gra hozz\u00e1k, az nemcsak a Tisza P\u00e1rt vezet\u00e9s\u00e9t, hanem az eg\u00e9sz magyar politikai k\u00f6z\u00e9letet \u00fajabb botr\u00e1nyba tasz\u00edthatja.<br \/>\nA k\u00e9rd\u00e9s m\u00e1r nem az, hogy van-e felv\u00e9tel. Hanem az: mikor ker\u00fcl el\u0151 \u2013 \u00e9s mit fogunk l\u00e1tni rajta?<\/h3>\n<p>VIA Index<\/p>\n<p>A biztons\u00e1g \u00e9s vezet\u00e9st\u00e1mogat\u00e1s ter\u00e9n az Austral magasan versenyk\u00e9pes: sz\u00e1mottev\u0151 mennyis\u00e9g\u0171 olyan akt\u00edv biztons\u00e1gi technol\u00f3gi\u00e1t k\u00edn\u00e1l, mint az automatikus v\u00e9szf\u00e9kez\u0151 rendszer gyalogos- \u00e9s ker\u00e9kp\u00e1ros \u00e9szlel\u00e9ssel, s\u00e1velhagy\u00e1s-figyelmeztet\u00e9s, holtt\u00e9r-figyel\u0151 rendszer \u00e9s tolat\u00e1si forgalom-\u00e9rz\u00e9kel\u00e9s. Ezek egy\u00fctt magas Euro NCAP biztons\u00e1gi min\u0151s\u00edt\u00e9st eredm\u00e9nyeztek a modell sz\u00e1m\u00e1ra, bele\u00e9rtve a feln\u0151tt \u00e9s gyermek utasv\u00e9delem, valamint a gyalogosv\u00e9delem ter\u00e9n el\u00e9rt er\u0151s pontsz\u00e1mokat is.<\/p>\n<p>Az \u00fczemanyag-fogyaszt\u00e1s \u00e9s fut\u00e1si k\u00f6lts\u00e9gek ter\u00e9n az Austral igen vonz\u00f3 opci\u00f3 a hibrid SUV-k k\u00f6z\u00f6tt. A gy\u00e1ri adatok \u00e9s a f\u00fcggetlen tesztek szerint kombin\u00e1lt \u00fczemm\u00f3dban ak\u00e1r k\u00f6zel 60 mpg-s hat\u00e9konys\u00e1g is el\u00e9rhet\u0151, ami egy SUV-hoz m\u00e9rten kiv\u00e1l\u00f3 \u00e9rt\u00e9k, k\u00fcl\u00f6n\u00f6sen hosszabb utak \u00e9s v\u00e1rosi haszn\u00e1lat eset\u00e9n egyar\u00e1nt. Mivel a modell kiz\u00e1r\u00f3lag hibrid hajt\u00e1ssal \u00e9rhet\u0151 el a legt\u00f6bb piacon (bele\u00e9rtve az Egyes\u00fclt Kir\u00e1lys\u00e1got), az alacsonyabb fut\u00e1si k\u00f6lts\u00e9gek mellett a k\u00f6rnyezetterhel\u00e9s is kisebb, mint egy hagyom\u00e1nyos bels\u0151 \u00e9g\u00e9s\u0171 motorral szerelt aut\u00f3 eset\u00e9n.<\/p>\n<p>A piaci helyzetet tekintve a Renault Austral egy olyan modell, amely kezdi megtal\u00e1lni a hely\u00e9t a versenypiacon. Amikor el\u0151sz\u00f6r megjelent, elad\u00e1sai elmaradtak a nagyobb riv\u00e1lisok\u00e9t\u00f3l, mint a Kia Sportage vagy a Nissan Qashqai; azonban a friss\u00edtett verzi\u00f3 \u00e9s a Renault r\u00e9sz\u00e9r\u0151l \u00e9rkez\u0151 fejleszt\u00e9sek \u2014 bele\u00e9rtve a modern tech-funkci\u00f3kat, az \u00e1tgondolt bels\u0151 kialak\u00edt\u00e1st \u00e9s a fokozott hibrid hat\u00e9konys\u00e1got \u2014 mind azt a c\u00e9lt szolg\u00e1lj\u00e1k, hogy er\u0151sebb versenyz\u0151v\u00e9 tegy\u00e9k a k\u00f6z\u00e9pkateg\u00f3ri\u00e1s SUV piacon.<\/p>\n<p>A Renault Austral egy olyan SUV, amely a modern v\u00e1s\u00e1rl\u00f3k ig\u00e9nyeit pr\u00f3b\u00e1lja kiel\u00e9g\u00edteni a praktikum, hat\u00e9konys\u00e1g, technol\u00f3gia \u00e9s biztons\u00e1g kombin\u00e1ci\u00f3j\u00e1val. Er\u0151ss\u00e9ge a g\u00f6rd\u00fcl\u00e9keny, takar\u00e9kos hibrid hajt\u00e1s, a t\u00e1gas, technikailag fejlett bels\u0151 t\u00e9r \u00e9s az \u00e1tgondolt biztons\u00e1gi csomag, mik\u00f6zben kritik\u00e1t kap a rug\u00f3z\u00e1s \u00e9s menetkomfort egyenetlens\u00e9ge miatt. Ha valaki olyan csal\u00e1di vagy mindennapi haszn\u00e1latra alkalmas SUV-t keres, amely korszer\u0171 hibrid technik\u00e1t \u00e9s modern multim\u00e9dia-\u00e9lm\u00e9nyt k\u00edn\u00e1l, az Austral vonz\u00f3 v\u00e1laszt\u00e1s lehet \u2014 k\u00fcl\u00f6n\u00f6sen abban az esetben, ha a kompromisszumokat is figyelembe veszi a versenyt\u00e1rsak \u00f6sszehasonl\u00edt\u00e1sakor.<\/p>\n","protected":false},"excerpt":{"rendered":"<p>A fesz\u00fclts\u00e9get v\u00e9g\u00fcl maga Magyar P\u00e9ter emelte \u00faj szintre. A Tisza P\u00e1rt eln\u00f6ke szerint nem kiz\u00e1rt, hogy egy titk0sszolg\u00e1lati eszk\u00f6z\u00f6kkel&#8230; <span class=\"gridview-grid-post-read-more\"><a href=\"https:\/\/www.hiregyben.online\/reggeljott\/?p=160\">read more<span class=\"gridview-sr-only\"> Kij\u00f6tt a titkos felv\u00e9tel Magyar P\u00e9ter\u00e9kr\u0151l!<\/span><\/a><\/span><\/p>\n","protected":false},"author":1,"featured_media":161,"comment_status":"open","ping_status":"open","sticky":false,"template":"","format":"standard","meta":{"footnotes":""},"categories":[1],"tags":[],"class_list":["post-160","post","type-post","status-publish","format-standard","has-post-thumbnail","hentry","category-egyeb","wpcat-1-id"],"_links":{"self":[{"href":"https:\/\/www.hiregyben.online\/reggeljott\/index.php?rest_route=\/wp\/v2\/posts\/160","targetHints":{"allow":["GET"]}}],"collection":[{"href":"https:\/\/www.hiregyben.online\/reggeljott\/index.php?rest_route=\/wp\/v2\/posts"}],"about":[{"href":"https:\/\/www.hiregyben.online\/reggeljott\/index.php?rest_route=\/wp\/v2\/types\/post"}],"author":[{"embeddable":true,"href":"https:\/\/www.hiregyben.online\/reggeljott\/index.php?rest_route=\/wp\/v2\/users\/1"}],"replies":[{"embeddable":true,"href":"https:\/\/www.hiregyben.online\/reggeljott\/index.php?rest_route=%2Fwp%2Fv2%2Fcomments&post=160"}],"version-history":[{"count":1,"href":"https:\/\/www.hiregyben.online\/reggeljott\/index.php?rest_route=\/wp\/v2\/posts\/160\/revisions"}],"predecessor-version":[{"id":162,"href":"https:\/\/www.hiregyben.online\/reggeljott\/index.php?rest_route=\/wp\/v2\/posts\/160\/revisions\/162"}],"wp:featuredmedia":[{"embeddable":true,"href":"https:\/\/www.hiregyben.online\/reggeljott\/index.php?rest_route=\/wp\/v2\/media\/161"}],"wp:attachment":[{"href":"https:\/\/www.hiregyben.online\/reggeljott\/index.php?rest_route=%2Fwp%2Fv2%2Fmedia&parent=160"}],"wp:term":[{"taxonomy":"category","embeddable":true,"href":"https:\/\/www.hiregyben.online\/reggeljott\/index.php?rest_route=%2Fwp%2Fv2%2Fcategories&post=160"},{"taxonomy":"post_tag","embeddable":true,"href":"https:\/\/www.hiregyben.online\/reggeljott\/index.php?rest_route=%2Fwp%2Fv2%2Ftags&post=160"}],"curies":[{"name":"wp","href":"https:\/\/api.w.org\/{rel}","templated":true}]}}