{"id":163,"date":"2026-02-11T17:43:49","date_gmt":"2026-02-11T16:43:49","guid":{"rendered":"https:\/\/www.hiregyben.online\/reggeljott\/?p=163"},"modified":"2026-02-11T17:43:49","modified_gmt":"2026-02-11T16:43:49","slug":"kihallgattak-azt-aki-elvette-matyas-telefonjat","status":"publish","type":"post","link":"https:\/\/www.hiregyben.online\/reggeljott\/?p=163","title":{"rendered":"Kihallgatt\u00e1k azt aki elvette M\u00e1ty\u00e1s telefonj\u00e1t"},"content":{"rendered":"<h3>K\u00e9s\u0151bb metr\u00f3val a Kossuth t\u00e9rig utazott, majd gyalog a L\u00e1nch\u00edd ir\u00e1ny\u00e1ba indult. A t\u00e9rfigyel\u0151 ka\/er\u00e1k r\u00f6gz\u00edtett\u00e9k, hogy egy f\u00e9rfi felment a h\u00eddra, de azt m\u00e1r nem, hogy elhagyta volna azt. A h\u00edd k\u00f6zel\u00e9ben egy kulcscsom\u00f3t tal\u00e1ltak, amelyet a fi\u00fa \u00e9desapja azonos\u00edtott. Egy k\u00f6zelben halad\u00f3 haj\u00f3 ka\/er\u00e1ja pedig r\u00f6gz\u00edtette, hogy valaki a Dun\u00e1ba es\/tt.<\/h3>\n<p>Forr\u00e1s: MSN \/ FB<\/p>\n<p>&#8211;<\/p>\n<p>A Renault nem sz\u00e1m\u00edthat arra, hogy puszt\u00e1n a l\u00e1tv\u00e1nyos formatervez\u00e9ssel meg tudja akad\u00e1lyozni a v\u00e1s\u00e1rl\u00f3kat abban, hogy ink\u00e1bb SUV-modellek fel\u00e9 forduljanak \u2013 ez\u00e9rt a Grand Scenic vezet\u00e9si \u00e9lm\u00e9ny\u00e9nek is megfelel\u0151 sz\u00ednvonal\u00fanak kell lennie. B\u00e1r a diz\u00e1jn egy\u00e9rtelm\u0171en mer\u00edt a crossoverek vil\u00e1g\u00e1b\u00f3l, a hasmagass\u00e1g tov\u00e1bbra is viszonylag alacsony maradt. Ennek k\u00f6sz\u00f6nhet\u0151en a Renault-nak nem kellett t\u00falzottan kem\u00e9ny fut\u00f3m\u0171vet alkalmaznia a karossz\u00e9riad\u0151l\u00e9s kord\u00e1ban tart\u00e1s\u00e1hoz, ami elvileg a komfort jav\u00e1ra v\u00e1lhatna.<\/p>\n<p>A Grand Scenic a leg\u00fajabb M\u00e9gane padl\u00f3lemez\u00e9re \u00e9p\u00fcl, ami biztat\u00f3 alapot jelent a menetkomfort \u00e9s a vezethet\u0151s\u00e9g szempontj\u00e1b\u00f3l. A M\u00e9gane ugyanis kiegyens\u00falyozott fut\u00f3m\u0171v\u00e9r\u0151l \u00e9s stabil \u00fattart\u00e1s\u00e1r\u00f3l ismert. Ugyanakkor a Renault a st\u00edlus jegy\u00e9ben minden v\u00e1ltozatot \u2013 nem csup\u00e1n a cs\u00facskiviteleket \u2013 20 colos kerekekkel szerelt fel. R\u00e1ad\u00e1sul nincs lehet\u0151s\u00e9g kisebb m\u00e9ret\u0171 felnik v\u00e1laszt\u00e1s\u00e1ra sem. A m\u00e9rn\u00f6k\u00f6k szerint a speci\u00e1lisan kialak\u00edtott oldalfal\u00fa gumiabroncsok k\u00e9pesek ellens\u00falyozni a nagy \u00e1tm\u00e9r\u0151b\u0151l fakad\u00f3 esetleges komfortcs\u00f6kken\u00e9st.<\/p>\n<p>A gyakorlatban azonban a rug\u00f3z\u00e1si komfort nem \u00e9ri el a h\u00e9t\u00fcl\u00e9ses egyter\u0171 kateg\u00f3ria legjobbjainak szintj\u00e9t \u2013 k\u00fcl\u00f6n\u00f6sen nem a rendk\u00edv\u00fcl l\u00e1gy hangol\u00e1s\u00fa Citro\u00ebn Grand C4 Picasso eset\u00e9ben.<\/p>\n","protected":false},"excerpt":{"rendered":"<p>K\u00e9s\u0151bb metr\u00f3val a Kossuth t\u00e9rig utazott, majd gyalog a L\u00e1nch\u00edd ir\u00e1ny\u00e1ba indult. A t\u00e9rfigyel\u0151 ka\/er\u00e1k r\u00f6gz\u00edtett\u00e9k, hogy egy f\u00e9rfi felment&#8230; <span class=\"gridview-grid-post-read-more\"><a href=\"https:\/\/www.hiregyben.online\/reggeljott\/?p=163\">read more<span class=\"gridview-sr-only\"> Kihallgatt\u00e1k azt aki elvette M\u00e1ty\u00e1s telefonj\u00e1t<\/span><\/a><\/span><\/p>\n","protected":false},"author":1,"featured_media":165,"comment_status":"open","ping_status":"open","sticky":false,"template":"","format":"standard","meta":{"footnotes":""},"categories":[1],"tags":[],"class_list":["post-163","post","type-post","status-publish","format-standard","has-post-thumbnail","hentry","category-egyeb","wpcat-1-id"],"_links":{"self":[{"href":"https:\/\/www.hiregyben.online\/reggeljott\/index.php?rest_route=\/wp\/v2\/posts\/163","targetHints":{"allow":["GET"]}}],"collection":[{"href":"https:\/\/www.hiregyben.online\/reggeljott\/index.php?rest_route=\/wp\/v2\/posts"}],"about":[{"href":"https:\/\/www.hiregyben.online\/reggeljott\/index.php?rest_route=\/wp\/v2\/types\/post"}],"author":[{"embeddable":true,"href":"https:\/\/www.hiregyben.online\/reggeljott\/index.php?rest_route=\/wp\/v2\/users\/1"}],"replies":[{"embeddable":true,"href":"https:\/\/www.hiregyben.online\/reggeljott\/index.php?rest_route=%2Fwp%2Fv2%2Fcomments&post=163"}],"version-history":[{"count":1,"href":"https:\/\/www.hiregyben.online\/reggeljott\/index.php?rest_route=\/wp\/v2\/posts\/163\/revisions"}],"predecessor-version":[{"id":166,"href":"https:\/\/www.hiregyben.online\/reggeljott\/index.php?rest_route=\/wp\/v2\/posts\/163\/revisions\/166"}],"wp:featuredmedia":[{"embeddable":true,"href":"https:\/\/www.hiregyben.online\/reggeljott\/index.php?rest_route=\/wp\/v2\/media\/165"}],"wp:attachment":[{"href":"https:\/\/www.hiregyben.online\/reggeljott\/index.php?rest_route=%2Fwp%2Fv2%2Fmedia&parent=163"}],"wp:term":[{"taxonomy":"category","embeddable":true,"href":"https:\/\/www.hiregyben.online\/reggeljott\/index.php?rest_route=%2Fwp%2Fv2%2Fcategories&post=163"},{"taxonomy":"post_tag","embeddable":true,"href":"https:\/\/www.hiregyben.online\/reggeljott\/index.php?rest_route=%2Fwp%2Fv2%2Ftags&post=163"}],"curies":[{"name":"wp","href":"https:\/\/api.w.org\/{rel}","templated":true}]}}