{"id":164,"date":"2026-02-11T17:47:09","date_gmt":"2026-02-11T16:47:09","guid":{"rendered":"https:\/\/www.hiregyben.online\/reggeljott\/?p=164"},"modified":"2026-02-14T07:43:55","modified_gmt":"2026-02-14T06:43:55","slug":"vege-a-nagy-o-nek-o-lett-a-befuto","status":"publish","type":"post","link":"https:\/\/www.hiregyben.online\/reggeljott\/?p=164","title":{"rendered":"V\u00e9ge a Nagy \u0150-nek! \u0150 lett a befut\u00f3!"},"content":{"rendered":"<h3>Sok\u00e1ig k\u00e9rd\u00e9ses volt, hogy a J\u00e1szai Mari-d\u00edjas sz\u00ednm\u0171v\u00e9sz sz\u00edv\u00e9t v\u00e9g\u00fcl Kiara Lord vagy Kiss Kriszta h\u00f3d\u00edtja-e meg, \u00e1m v\u00e9g\u00fcl Andr\u00e1s az ut\u00f3bbi mellett tette le a voks\u00e1t. Egy korszak lez\u00e1rul, hiszen a fin\u00e1l\u00e9 ut\u00e1n a m\u0171sor b\u00facs\u00fat int, \u00e9s febru\u00e1r 16-t\u00f3l m\u00e1r a S\u00e9fek S\u00e9fe \u00faj \u00e9vada veszi \u00e1t a hely\u00e9t a TV2-n. SZERINTED KI ILLIK A LEGJOBBAN STOHL ANDR\u00c1SHOZ?<\/h3>\n<p>VIA Blikk<\/p>\n<p>Az Egyes\u00fclt Kir\u00e1lys\u00e1gban az alap Air v\u00e1ltozat \u00e1ra kb. \u00a339 295-t\u00f3l indul, ami a k\u00f6z\u00e9pkateg\u00f3ri\u00e1s elektromos SUV-ok piac\u00e1n j\u00f3 nyit\u00f3\u00e1rnak sz\u00e1m\u00edt. A felszerelts\u00e9g szinte minden v\u00e1ltozatban tartalmazza a dupla 12,3 colos kijelz\u0151t, LED vil\u00e1g\u00edt\u00e1st, automatikus l\u00e9gkondicion\u00e1l\u00f3t \u00e9s egy sor vezet\u00e9st\u00e1mogat\u00e1si funkci\u00f3t. A magasabb felszerelts\u00e9gek \u2014 p\u00e9ld\u00e1ul a GT-Line \u00e9s GT-Line S \u2014 tov\u00e1bbi k\u00e9nyelmi opci\u00f3kat k\u00edn\u00e1lnak, mint a nagyobb kerekek, b\u0151rbels\u0151, panor\u00e1ma napf\u00e9nytet\u0151 vagy pr\u00e9mium hangrendszer.<br \/>\nAz EV5 a 4-hez, Enyaq-hoz, Y-hoz vagy ak\u00e1r a Peugeot e-3008-hoz hasonl\u00f3 elektromos SUV-okkal versenyez a piacon. M\u00edg egyes riv\u00e1lisokn\u00e1l lehetnek nagyobb hat\u00f3t\u00e1vok vagy gyorsabb t\u00f6lt\u00e9si id\u0151k, az EV5 \u00f6sszess\u00e9g\u00e9ben j\u00f3l kiegyens\u00falyozott csomagot ny\u00fajt \u2014 t\u00e1gas bels\u0151 teret, modern technol\u00f3gi\u00e1t \u00e9s versenyk\u00e9pes hat\u00f3t\u00e1vot egy olyan \u00e1rkateg\u00f3ri\u00e1ban, amely sok v\u00e1s\u00e1rl\u00f3 sz\u00e1m\u00e1ra vonz\u00f3.<br \/>\nAz EV5 er\u0151ss\u00e9gei k\u00f6z\u00e9 tartozik a t\u00e1gas utast\u00e9r, j\u00f3 hat\u00f3t\u00e1v, versenyk\u00e9pes alap\u00e1r \u00e9s modern technol\u00f3giai felszerelts\u00e9g. Ugyanakkor a t\u00f6lt\u00e9si teljes\u00edtm\u00e9ny nem olyan kiemelked\u0151, mint n\u00e9h\u00e1ny riv\u00e1lisn\u00e1l a 800 V-os rendszert haszn\u00e1l\u00f3k eset\u00e9ben, \u00e9s egyes tesztek szerint a bels\u0151 t\u00e9r vizu\u00e1lisan lehetne izgalmasabb, kev\u00e9sb\u00e9 \u201esz\u00fcrke\u201d.<\/p>\n<p>A Kia EV5 egy gyakorlatias, t\u00e1gas \u00e9s j\u00f3l felszerelt elektromos SUV, amely a modern csal\u00e1di aut\u00f3k vil\u00e1g\u00e1ban a bel\u00e9p\u0151 \u00e9s k\u00f6z\u00e9pszint k\u00f6z\u00f6tt k\u00edn\u00e1l versenyk\u00e9pes elektromos mobilit\u00e1st. Kiegyens\u00falyozott hat\u00f3t\u00e1vja, versenyk\u00e9pes \u00e1ra \u00e9s praktikus bels\u0151 tere miatt sok v\u00e1s\u00e1rl\u00f3 sz\u00e1m\u00e1ra vonz\u00f3 v\u00e1laszt\u00e1s lehet \u2014 k\u00fcl\u00f6n\u00f6sen azok sz\u00e1m\u00e1ra, akik egy elektromos, m\u00e9gis h\u00e9tk\u00f6znapi haszn\u00e1latra alkalmas SUV-t keresnek.<\/p>\n","protected":false},"excerpt":{"rendered":"<p>Sok\u00e1ig k\u00e9rd\u00e9ses volt, hogy a J\u00e1szai Mari-d\u00edjas sz\u00ednm\u0171v\u00e9sz sz\u00edv\u00e9t v\u00e9g\u00fcl Kiara Lord vagy Kiss Kriszta h\u00f3d\u00edtja-e meg, \u00e1m v\u00e9g\u00fcl Andr\u00e1s&#8230; <span class=\"gridview-grid-post-read-more\"><a href=\"https:\/\/www.hiregyben.online\/reggeljott\/?p=164\">read more<span class=\"gridview-sr-only\"> V\u00e9ge a Nagy \u0150-nek! \u0150 lett a befut\u00f3!<\/span><\/a><\/span><\/p>\n","protected":false},"author":1,"featured_media":167,"comment_status":"open","ping_status":"open","sticky":false,"template":"","format":"standard","meta":{"footnotes":""},"categories":[1],"tags":[],"class_list":["post-164","post","type-post","status-publish","format-standard","has-post-thumbnail","hentry","category-egyeb","wpcat-1-id"],"_links":{"self":[{"href":"https:\/\/www.hiregyben.online\/reggeljott\/index.php?rest_route=\/wp\/v2\/posts\/164","targetHints":{"allow":["GET"]}}],"collection":[{"href":"https:\/\/www.hiregyben.online\/reggeljott\/index.php?rest_route=\/wp\/v2\/posts"}],"about":[{"href":"https:\/\/www.hiregyben.online\/reggeljott\/index.php?rest_route=\/wp\/v2\/types\/post"}],"author":[{"embeddable":true,"href":"https:\/\/www.hiregyben.online\/reggeljott\/index.php?rest_route=\/wp\/v2\/users\/1"}],"replies":[{"embeddable":true,"href":"https:\/\/www.hiregyben.online\/reggeljott\/index.php?rest_route=%2Fwp%2Fv2%2Fcomments&post=164"}],"version-history":[{"count":2,"href":"https:\/\/www.hiregyben.online\/reggeljott\/index.php?rest_route=\/wp\/v2\/posts\/164\/revisions"}],"predecessor-version":[{"id":204,"href":"https:\/\/www.hiregyben.online\/reggeljott\/index.php?rest_route=\/wp\/v2\/posts\/164\/revisions\/204"}],"wp:featuredmedia":[{"embeddable":true,"href":"https:\/\/www.hiregyben.online\/reggeljott\/index.php?rest_route=\/wp\/v2\/media\/167"}],"wp:attachment":[{"href":"https:\/\/www.hiregyben.online\/reggeljott\/index.php?rest_route=%2Fwp%2Fv2%2Fmedia&parent=164"}],"wp:term":[{"taxonomy":"category","embeddable":true,"href":"https:\/\/www.hiregyben.online\/reggeljott\/index.php?rest_route=%2Fwp%2Fv2%2Fcategories&post=164"},{"taxonomy":"post_tag","embeddable":true,"href":"https:\/\/www.hiregyben.online\/reggeljott\/index.php?rest_route=%2Fwp%2Fv2%2Ftags&post=164"}],"curies":[{"name":"wp","href":"https:\/\/api.w.org\/{rel}","templated":true}]}}