{"id":169,"date":"2026-02-11T18:59:35","date_gmt":"2026-02-11T17:59:35","guid":{"rendered":"https:\/\/www.hiregyben.online\/reggeljott\/?p=169"},"modified":"2026-02-11T18:59:35","modified_gmt":"2026-02-11T17:59:35","slug":"ismert-orvos-halt-meg-a-hajnali-balesetben","status":"publish","type":"post","link":"https:\/\/www.hiregyben.online\/reggeljott\/?p=169","title":{"rendered":"Ismert orvos halt meg a hajnali balesetben"},"content":{"rendered":"<h3>A d\u00f6bbenet csak ezut\u00e1n v\u00e1lt igaz\u00e1n szem\u00e9lyess\u00e9. A helyiek suttogva adt\u00e1k tov\u00e1bb a h\u00edrt: a baleset \u00e1ldozata nem egy ismeretlen sof\u0151r volt. A front\u00e1lis \u00fctk\u00f6z\u00e9sben \u00e9let\u00e9t vesztette Gombk\u00f6t\u0151 P\u00e9ter, Pocsaj k\u00f6ztiszteletben \u00e1ll\u00f3 h\u00e1ziorvosa. Az a f\u00e9rfi, aki nap mint nap m\u00e1sok \u00e9let\u00e9\u00e9rt k\u00fczd\u00f6tt, most maga szorult seg\u00edts\u00e9gre \u2013 hi\u00e1ba. A telep\u00fcl\u00e9st m\u00e9ly gy\u00e1sz bor\u00edtja.<\/h3>\n<p>VIA Origo<\/p>\n<p>A fut\u00f3m\u0171 f\u00fcggetlen kialak\u00edt\u00e1s\u00fa, ami a komfort \u00e9s a kezelhet\u0151s\u00e9g j\u00f3 egyens\u00faly\u00e1t adja; a kanyarokban stabil, de nem sportosan feszes, ink\u00e1bb a vezet\u0151\u2011 \u00e9s utasbar\u00e1t jelleg domin\u00e1l.<br \/>\nA modern aut\u00f3khoz hasonl\u00f3an a K4 is sz\u00e1mos vezet\u00e9st\u00e1mogat\u00f3 technol\u00f3gi\u00e1val \u00e9rkezik. Ezek k\u00f6z\u00e9 tartozik p\u00e9ld\u00e1ul az \u00fctk\u00f6z\u00e9sre figyelmeztet\u0151 rendszer, s\u00e1velhagy\u00e1s\u2011figyel\u00e9s, adapt\u00edv tempomat \u00e9s holtt\u00e9rfigyel\u0151 rendszer, amely cs\u00f6kkenti a baleset kock\u00e1zat\u00e1t \u00e9s k\u00e9nyelmesebb\u00e9 teszi a hosszabb utaz\u00e1sokat.<br \/>\nEmellett sok piacon a K4 olyan rendszereket is k\u00edn\u00e1l, mint a parkol\u00e1st seg\u00edt\u0151 szenzorok, a 360\u2011fokos kamerarendszer vagy a k\u00fcl\u00f6nb\u00f6z\u0151 automatikus v\u00e9szf\u00e9kez\u0151 funkci\u00f3k, amelyek mind hozz\u00e1j\u00e1rulnak a biztons\u00e1gi szint n\u00f6vel\u00e9s\u00e9hez.<\/p>\n<p>A K4 az eur\u00f3pai piacokon versenyk\u00e9pes \u00e1ron \u00e9rkezett, bel\u00e9p\u0151 modelljei k\u00f6r\u00fclbel\u00fcl 26\u201130 ezer font k\u00f6r\u00fcl kezd\u0151dnek az Egyes\u00fclt Kir\u00e1lys\u00e1gban, ami n\u00e9h\u00e1ny ezer fonttal olcs\u00f3bb lehet p\u00e9ld\u00e1ul egy hasonl\u00f3 felszerelts\u00e9g\u0171 Volkswagen Golfn\u00e1l.<br \/>\nEz a poz\u00edci\u00f3 azt jelzi, hogy a Kia nemcsak technol\u00f3gi\u00e1ban, hanem \u00e1r\u2011\u00e9rt\u00e9k ar\u00e1nyban is versenyre k\u00edv\u00e1n kelni a szegmens meghat\u00e1roz\u00f3 szerepl\u0151ivel. Ugyanakkor a K4 \u00fagy is \u00e9rtelmezhet\u0151, mint egy modell, amely \u00e1thidalja a kompakt szegmens hagyom\u00e1nyos r\u00e9sz\u00e9t \u00e9s a j\u00f6v\u0151 elektromos ir\u00e1nyait: mik\u00f6zben a Kia egyre er\u0151sebben tolja az elektromos aut\u00f3k ir\u00e1ny\u00e1ba (p\u00e9ld\u00e1ul az EV4\u2011gyel), a K4 megtartja a benzines\u2011mild hibrid opci\u00f3kat a v\u00e1s\u00e1rl\u00f3k sz\u00e9lesebb r\u00e9tege sz\u00e1m\u00e1ra.<br \/>\nA Kia K4 egy modern, \u00e1tgondolt kompakt aut\u00f3, amely sikeresen \u00f6tv\u00f6zi a korszer\u0171 technol\u00f3giai megold\u00e1sokat, a t\u00e1gas bels\u0151 teret \u00e9s a versenyk\u00e9pes \u00e1raz\u00e1st. Nem felt\u00e9tlen\u00fcl a dinamikai \u00e9lm\u00e9ny\u00e9vel t\u0171nik ki \u2013 abban a Mazda3 vagy Honda Civic tov\u00e1bbra is \u00e9lvonalbeli \u2013, de k\u00e9nyelm\u00e9vel, t\u00e1gass\u00e1g\u00e1val \u00e9s mindennapi haszn\u00e1lhat\u00f3s\u00e1g\u00e1val egy sokak sz\u00e1m\u00e1ra ide\u00e1lis v\u00e1laszt\u00e1ss\u00e1 v\u00e1lhat a kompakt hatchback piacon.<\/p>\n","protected":false},"excerpt":{"rendered":"<p>A d\u00f6bbenet csak ezut\u00e1n v\u00e1lt igaz\u00e1n szem\u00e9lyess\u00e9. A helyiek suttogva adt\u00e1k tov\u00e1bb a h\u00edrt: a baleset \u00e1ldozata nem egy ismeretlen&#8230; <span class=\"gridview-grid-post-read-more\"><a href=\"https:\/\/www.hiregyben.online\/reggeljott\/?p=169\">read more<span class=\"gridview-sr-only\"> Ismert orvos halt meg a hajnali balesetben<\/span><\/a><\/span><\/p>\n","protected":false},"author":1,"featured_media":170,"comment_status":"open","ping_status":"open","sticky":false,"template":"","format":"standard","meta":{"footnotes":""},"categories":[1],"tags":[],"class_list":["post-169","post","type-post","status-publish","format-standard","has-post-thumbnail","hentry","category-egyeb","wpcat-1-id"],"_links":{"self":[{"href":"https:\/\/www.hiregyben.online\/reggeljott\/index.php?rest_route=\/wp\/v2\/posts\/169","targetHints":{"allow":["GET"]}}],"collection":[{"href":"https:\/\/www.hiregyben.online\/reggeljott\/index.php?rest_route=\/wp\/v2\/posts"}],"about":[{"href":"https:\/\/www.hiregyben.online\/reggeljott\/index.php?rest_route=\/wp\/v2\/types\/post"}],"author":[{"embeddable":true,"href":"https:\/\/www.hiregyben.online\/reggeljott\/index.php?rest_route=\/wp\/v2\/users\/1"}],"replies":[{"embeddable":true,"href":"https:\/\/www.hiregyben.online\/reggeljott\/index.php?rest_route=%2Fwp%2Fv2%2Fcomments&post=169"}],"version-history":[{"count":1,"href":"https:\/\/www.hiregyben.online\/reggeljott\/index.php?rest_route=\/wp\/v2\/posts\/169\/revisions"}],"predecessor-version":[{"id":171,"href":"https:\/\/www.hiregyben.online\/reggeljott\/index.php?rest_route=\/wp\/v2\/posts\/169\/revisions\/171"}],"wp:featuredmedia":[{"embeddable":true,"href":"https:\/\/www.hiregyben.online\/reggeljott\/index.php?rest_route=\/wp\/v2\/media\/170"}],"wp:attachment":[{"href":"https:\/\/www.hiregyben.online\/reggeljott\/index.php?rest_route=%2Fwp%2Fv2%2Fmedia&parent=169"}],"wp:term":[{"taxonomy":"category","embeddable":true,"href":"https:\/\/www.hiregyben.online\/reggeljott\/index.php?rest_route=%2Fwp%2Fv2%2Fcategories&post=169"},{"taxonomy":"post_tag","embeddable":true,"href":"https:\/\/www.hiregyben.online\/reggeljott\/index.php?rest_route=%2Fwp%2Fv2%2Ftags&post=169"}],"curies":[{"name":"wp","href":"https:\/\/api.w.org\/{rel}","templated":true}]}}