{"id":175,"date":"2026-02-12T11:46:12","date_gmt":"2026-02-12T10:46:12","guid":{"rendered":"https:\/\/www.hiregyben.online\/reggeljott\/?p=175"},"modified":"2026-02-12T11:46:12","modified_gmt":"2026-02-12T10:46:12","slug":"maris-lekerul-a-kepernyorol-a-nagy-o","status":"publish","type":"post","link":"https:\/\/www.hiregyben.online\/reggeljott\/?p=175","title":{"rendered":"M\u00e1ris leker\u00fcl a k\u00e9perny\u0151r\u0151l A Nagy \u0150"},"content":{"rendered":"<h3>K\u00f6zben a fesz\u00fclts\u00e9gek is fokoz\u00f3dnak. Stohl bevallotta, mindig is vo\/zotta a gondolat, hogy fe\/n\/\/tfi\/mes legyen a p\u00e1rja, a napokban m\u00e9gis konfliktus alakult ki k\u00f6zte \u00e9s Ki\/ra k\u00f6z\u00f6tt. \u00d6sszepakolt, \u00e9s t\u00e1vozni akart a m\u0171sorb\u00f3l, v\u00e9g\u00fcl azonban marasztalt\u00e1k, r\u00e1ad\u00e1sul egy j\u00e1t\u00e9k sor\u00e1n megszerezte a hatalom r\u00f3zs\u00e1j\u00e1t is, amellyel a v\u00e9ghajr\u00e1ban hazak\u00fcldhet egy versenyz\u0151t. A pletyk\u00e1k szerint ez lesz az utols\u00f3 \u00e9vada a m\u0171sornak!<\/h3>\n<p>Forr\u00e1s: MSN \/ FB \/ TTOK<\/p>\n<p>&#8211;<\/p>\n<p>A Peugeot Partner modellek t\u00f6bbs\u00e9g\u00e9ben a j\u00f3l ismert PSA Peugeot\u2013Citro\u00ebn fejleszt\u00e9s\u0171 1,6 literes HDi d\u00edzelmotor szolg\u00e1ltatja a hajt\u00f3er\u0151t. Ez az er\u0151forr\u00e1s \u00e9vek \u00f3ta bizony\u00edt a konszern k\u00fcl\u00f6nb\u00f6z\u0151 t\u00edpusaiban, \u00e9s megb\u00edzhat\u00f3s\u00e1g\u00e1r\u00f3l, takar\u00e9koss\u00e1g\u00e1r\u00f3l, valamint kedvez\u0151 fenntart\u00e1si k\u00f6lts\u00e9geir\u0151l ismert. A Partner eset\u00e9ben k\u00e9t teljes\u00edtm\u00e9nyszinten \u00e9rhet\u0151 el: 75 l\u00f3er\u0151s \u00e9s 100 l\u00f3er\u0151s v\u00e1ltozatban. A 100 l\u00f3er\u0151s kivitelek m\u00e1r a Peugeot leg\u00fajabb, Euro 6-os emisszi\u00f3s norm\u00e1nak megfelel\u0151 BlueHDi technol\u00f3gi\u00e1j\u00e1t alkalmazz\u00e1k, amely fejlett kipufog\u00f3g\u00e1z-ut\u00f3kezel\u0151 rendszerrel cs\u00f6kkenti a k\u00e1rosanyag-kibocs\u00e1t\u00e1st. Ezek a modellek r\u00e1ad\u00e1sul stop-start rendszerrel is fel vannak szerelve, amely v\u00e1rosi forgalomban, meg\u00e1ll\u00e1sok sor\u00e1n automatikusan le\u00e1ll\u00edtja a motort, majd a kuplung benyom\u00e1sakor \u00fajraind\u00edtja azt, ezzel is cs\u00f6kkentve az \u00fczemanyag-fogyaszt\u00e1st \u00e9s a k\u00e1rosanyag-kibocs\u00e1t\u00e1st.<\/p>\n<p>A k\u00edn\u00e1latban szerepel egy 1,6 literes VTi benzines motor is, amely 98 l\u00f3er\u0151s teljes\u00edtm\u00e9nyt ny\u00fajt. Ennek ellen\u00e9re a haszonj\u00e1rm\u0171-v\u00e1s\u00e1rl\u00f3k t\u00falnyom\u00f3 t\u00f6bbs\u00e9ge a d\u00edzelmotorok mellett d\u00f6nt, mivel azok jellemz\u0151en kedvez\u0151bb fogyaszt\u00e1st biztos\u00edtanak nagyobb terhel\u00e9s \u00e9s hosszabb t\u00e1v\u00fa haszn\u00e1lat mellett. A benzines v\u00e1ltozat ink\u00e1bb azok sz\u00e1m\u00e1ra lehet \u00e9rdekes, akik f\u0151k\u00e9nt r\u00f6videbb, v\u00e1rosi utakra haszn\u00e1lj\u00e1k a j\u00e1rm\u0171vet, \u00e9s nem szeretn\u00e9nek d\u00edzelmotorral egy\u00fctt j\u00e1r\u00f3 esetleges t\u00f6bbletkarbantart\u00e1si ig\u00e9nyekkel sz\u00e1molni.<\/p>\n","protected":false},"excerpt":{"rendered":"<p>K\u00f6zben a fesz\u00fclts\u00e9gek is fokoz\u00f3dnak. Stohl bevallotta, mindig is vo\/zotta a gondolat, hogy fe\/n\/\/tfi\/mes legyen a p\u00e1rja, a napokban m\u00e9gis&#8230; <span class=\"gridview-grid-post-read-more\"><a href=\"https:\/\/www.hiregyben.online\/reggeljott\/?p=175\">read more<span class=\"gridview-sr-only\"> M\u00e1ris leker\u00fcl a k\u00e9perny\u0151r\u0151l A Nagy \u0150<\/span><\/a><\/span><\/p>\n","protected":false},"author":1,"featured_media":176,"comment_status":"open","ping_status":"open","sticky":false,"template":"","format":"standard","meta":{"footnotes":""},"categories":[1],"tags":[],"class_list":["post-175","post","type-post","status-publish","format-standard","has-post-thumbnail","hentry","category-egyeb","wpcat-1-id"],"_links":{"self":[{"href":"https:\/\/www.hiregyben.online\/reggeljott\/index.php?rest_route=\/wp\/v2\/posts\/175","targetHints":{"allow":["GET"]}}],"collection":[{"href":"https:\/\/www.hiregyben.online\/reggeljott\/index.php?rest_route=\/wp\/v2\/posts"}],"about":[{"href":"https:\/\/www.hiregyben.online\/reggeljott\/index.php?rest_route=\/wp\/v2\/types\/post"}],"author":[{"embeddable":true,"href":"https:\/\/www.hiregyben.online\/reggeljott\/index.php?rest_route=\/wp\/v2\/users\/1"}],"replies":[{"embeddable":true,"href":"https:\/\/www.hiregyben.online\/reggeljott\/index.php?rest_route=%2Fwp%2Fv2%2Fcomments&post=175"}],"version-history":[{"count":1,"href":"https:\/\/www.hiregyben.online\/reggeljott\/index.php?rest_route=\/wp\/v2\/posts\/175\/revisions"}],"predecessor-version":[{"id":177,"href":"https:\/\/www.hiregyben.online\/reggeljott\/index.php?rest_route=\/wp\/v2\/posts\/175\/revisions\/177"}],"wp:featuredmedia":[{"embeddable":true,"href":"https:\/\/www.hiregyben.online\/reggeljott\/index.php?rest_route=\/wp\/v2\/media\/176"}],"wp:attachment":[{"href":"https:\/\/www.hiregyben.online\/reggeljott\/index.php?rest_route=%2Fwp%2Fv2%2Fmedia&parent=175"}],"wp:term":[{"taxonomy":"category","embeddable":true,"href":"https:\/\/www.hiregyben.online\/reggeljott\/index.php?rest_route=%2Fwp%2Fv2%2Fcategories&post=175"},{"taxonomy":"post_tag","embeddable":true,"href":"https:\/\/www.hiregyben.online\/reggeljott\/index.php?rest_route=%2Fwp%2Fv2%2Ftags&post=175"}],"curies":[{"name":"wp","href":"https:\/\/api.w.org\/{rel}","templated":true}]}}