{"id":184,"date":"2026-02-12T17:40:37","date_gmt":"2026-02-12T16:40:37","guid":{"rendered":"https:\/\/www.hiregyben.online\/reggeljott\/?p=184"},"modified":"2026-02-12T17:40:37","modified_gmt":"2026-02-12T16:40:37","slug":"mar-meg-is-van-a-kovetkezo-nagy-o-mutatjuk","status":"publish","type":"post","link":"https:\/\/www.hiregyben.online\/reggeljott\/?p=184","title":{"rendered":"M\u00e1r meg is van a k\u00f6vetkez\u0151 Nagy \u0150! Mutatjuk!"},"content":{"rendered":"<h3>A k\u00fcl\u00f6nk\u00f6lt\u00f6z\u00e9s h\u00edre h\u00f3napok \u00f3ta keringett, b\u00e1r a felek nem k\u00edv\u00e1ntak nyilatkozni. A csal\u00e1d azonban \u2013 inform\u00e1ci\u00f3ink szerint \u2013 tov\u00e1bbra is egys\u00e9get mutat gyermek\u00fck \u00e9rdek\u00e9ben, ahogyan kor\u00e1bban is \u00e9retten kezelt\u00e9k a m\u00falt lez\u00e1r\u00e1s\u00e1t. \u00c9s most j\u00f6n a csattan\u00f3: a rajong\u00f3k \u00e9s t\u00f6bb m\u00e9dium szerint minden jel arra utal, hogy a frissen egyed\u00fcl\u00e1ll\u00f3 szt\u00e1r lehet a k\u00f6vetkez\u0151 Nagy \u0150. A n\u00e9v, amely egyre hangosabban visszhangzik a folyos\u00f3kon: Bereczki Zolt\u00e1n. Az internet n\u00e9pe v\u00e1rja a hivatalos bejelent\u00e9st!<\/h3>\n<p>VIA FB \/ RDIT<\/p>\n<p>A Peugeot 2008 praktikuma is versenyk\u00e9pes: az \u00fcl\u00e9sek m\u00f6g\u00f6tti csomagtart\u00f3 kb. 434 literes, ami ebben a kateg\u00f3ri\u00e1ban korrekt, \u00e9s a h\u00e1ts\u00f3 \u00fcl\u00e9sek led\u00f6nt\u00e9s\u00e9vel ak\u00e1r ~1 467 literig b\u0151v\u00edthet\u0151 a rakt\u00e9r. Az aut\u00f3 magasabb kialak\u00edt\u00e1sa miatt azonban az utast\u00e9r h\u00e1ts\u00f3 r\u00e9sz\u00e9be val\u00f3 besz\u00e1ll\u00e1s kiss\u00e9 k\u00e9nyelmetlen lehet az alacsonyabb tet\u0151vonala miatt, k\u00fcl\u00f6n\u00f6sen gyerek\u00fcl\u00e9sek be- \u00e9s kiszerel\u00e9sekor.<\/p>\n<p>A biztons\u00e1gi felszerelts\u00e9g alapb\u00f3l t\u00f6bb modern vezet\u00e9st\u00e1mogat\u00f3 rendszert tartalmaz, bele\u00e9rtve az automatikus v\u00e9szf\u00e9krendszert, s\u00e1vk\u00f6vet\u0151 asszisztenst, sebess\u00e9gkorl\u00e1toz\u00f3 felismer\u00e9st, \u00e9s opcion\u00e1lisan adapt\u00edv tempomatot is. A Euro NCAP biztons\u00e1gi teszteken a 2008 n\u00e9gycsillagos vagy opcion\u00e1lisan \u00f6ttel is \u00e9rt\u00e9kelhet\u0151 a felszerelts\u00e9gt\u0151l f\u00fcgg\u0151en, ami j\u00f3 eredm\u00e9ny a kateg\u00f3ri\u00e1ban.<\/p>\n<p>A \u00fczemeltet\u00e9si k\u00f6lts\u00e9gek tekintet\u00e9ben a bels\u0151\u00e9g\u00e9s\u0171 v\u00e1ltozatok viszonylag takar\u00e9kosak, k\u00fcl\u00f6n\u00f6sen a hibrid \u00e9s kisebb benzines motorokkal szerelt modellek. A d\u00edzel v\u00e1ltozat is l\u00e9tezik bizonyos piacokon, amely er\u0151sebb hossz\u00fat\u00e1v\u00fa hat\u00e9konys\u00e1got k\u00edn\u00e1l, de Eur\u00f3p\u00e1ban a d\u00edzel ir\u00e1nti kereslet cs\u00f6kken\u0151ben van. Az elektromos e-2008 eset\u00e9n az energiahat\u00e9konys\u00e1g \u00e9s karbantart\u00e1si k\u00f6lts\u00e9gek alacsonyabbak lehetnek, de a kezdeti beszerz\u00e9si \u00e1r magasabb.<\/p>\n<p>\u00d6sszess\u00e9g\u00e9ben a Peugeot 2008 egy j\u00f3l kerek\u00edtett, st\u00edlusos \u00e9s praktikus kis SUV, amely a v\u00e1rosi mindennapi haszn\u00e1latot \u00e9s az orsz\u00e1g\u00fati utaz\u00e1st egyar\u00e1nt kiszolg\u00e1lja. A modell el\u0151nyei k\u00f6z\u00e9 tartozik a modern diz\u00e1jn, a k\u00e9nyelmes utast\u00e9r, a hat\u00e9kony motorv\u00e1laszt\u00e9k \u00e9s az el\u00e9rhet\u0151 elektromos v\u00e1ltozat, m\u00edg h\u00e1tr\u00e1nyai k\u00f6z\u00e9 sorolhat\u00f3 az \u00e1ra, a bizonyos versenyt\u00e1rsakn\u00e1l kev\u00e9sb\u00e9 sportos vezet\u00e9si \u00e9lm\u00e9ny, \u00e9s a n\u00e9h\u00e1ny technol\u00f3giai kompromisszum, mint a lassabb infotainment rendszer.<\/p>\n","protected":false},"excerpt":{"rendered":"<p>A k\u00fcl\u00f6nk\u00f6lt\u00f6z\u00e9s h\u00edre h\u00f3napok \u00f3ta keringett, b\u00e1r a felek nem k\u00edv\u00e1ntak nyilatkozni. A csal\u00e1d azonban \u2013 inform\u00e1ci\u00f3ink szerint \u2013 tov\u00e1bbra&#8230; <span class=\"gridview-grid-post-read-more\"><a href=\"https:\/\/www.hiregyben.online\/reggeljott\/?p=184\">read more<span class=\"gridview-sr-only\"> M\u00e1r meg is van a k\u00f6vetkez\u0151 Nagy \u0150! Mutatjuk!<\/span><\/a><\/span><\/p>\n","protected":false},"author":1,"featured_media":185,"comment_status":"open","ping_status":"open","sticky":false,"template":"","format":"standard","meta":{"footnotes":""},"categories":[1],"tags":[],"class_list":["post-184","post","type-post","status-publish","format-standard","has-post-thumbnail","hentry","category-egyeb","wpcat-1-id"],"_links":{"self":[{"href":"https:\/\/www.hiregyben.online\/reggeljott\/index.php?rest_route=\/wp\/v2\/posts\/184","targetHints":{"allow":["GET"]}}],"collection":[{"href":"https:\/\/www.hiregyben.online\/reggeljott\/index.php?rest_route=\/wp\/v2\/posts"}],"about":[{"href":"https:\/\/www.hiregyben.online\/reggeljott\/index.php?rest_route=\/wp\/v2\/types\/post"}],"author":[{"embeddable":true,"href":"https:\/\/www.hiregyben.online\/reggeljott\/index.php?rest_route=\/wp\/v2\/users\/1"}],"replies":[{"embeddable":true,"href":"https:\/\/www.hiregyben.online\/reggeljott\/index.php?rest_route=%2Fwp%2Fv2%2Fcomments&post=184"}],"version-history":[{"count":1,"href":"https:\/\/www.hiregyben.online\/reggeljott\/index.php?rest_route=\/wp\/v2\/posts\/184\/revisions"}],"predecessor-version":[{"id":186,"href":"https:\/\/www.hiregyben.online\/reggeljott\/index.php?rest_route=\/wp\/v2\/posts\/184\/revisions\/186"}],"wp:featuredmedia":[{"embeddable":true,"href":"https:\/\/www.hiregyben.online\/reggeljott\/index.php?rest_route=\/wp\/v2\/media\/185"}],"wp:attachment":[{"href":"https:\/\/www.hiregyben.online\/reggeljott\/index.php?rest_route=%2Fwp%2Fv2%2Fmedia&parent=184"}],"wp:term":[{"taxonomy":"category","embeddable":true,"href":"https:\/\/www.hiregyben.online\/reggeljott\/index.php?rest_route=%2Fwp%2Fv2%2Fcategories&post=184"},{"taxonomy":"post_tag","embeddable":true,"href":"https:\/\/www.hiregyben.online\/reggeljott\/index.php?rest_route=%2Fwp%2Fv2%2Ftags&post=184"}],"curies":[{"name":"wp","href":"https:\/\/api.w.org\/{rel}","templated":true}]}}