{"id":187,"date":"2026-02-12T19:04:41","date_gmt":"2026-02-12T18:04:41","guid":{"rendered":"https:\/\/www.hiregyben.online\/reggeljott\/?p=187"},"modified":"2026-02-12T19:04:41","modified_gmt":"2026-02-12T18:04:41","slug":"ezert-orjongott-kiara-l0rd-az-utolso-adasban","status":"publish","type":"post","link":"https:\/\/www.hiregyben.online\/reggeljott\/?p=187","title":{"rendered":"Ez\u00e9rt \u0150rj\u00f6ng\u00f6tt Kiara L0rd az utols\u00f3 ad\u00e1sban!"},"content":{"rendered":"<h3>A sz\u00edn\u00e9sz bejelentette, hogy van egy negyedik n\u0151 is, akivel randizni k\u00e9sz\u00fcl. A k\u00f6vetkez\u0151 pillanatban pedig bes\u00e9t\u00e1lt a vill\u00e1ba a kor\u00e1bban t\u00e1voz\u00f3 Kov\u00e1cs M\u00f3nika, akit Stohl szem\u00e9lyesen hozott vissza, miut\u00e1n bocs\u00e1natot k\u00e9rt t\u0151le. A l\u00e1nyok sz\u00f3hoz sem jutottak \u2013 de Kiara nem maradt csendben. \u201eAmikor megl\u00e1ttam, hogy M\u00f3nika visszaj\u00f6tt k\u00f6z\u00e9nk, legsz\u00edvesebb ord\u00edtottam volna f\u00e1jdalmamban \u00e9s ny\u0171g\u00f6mben. Elegem van! Nem szeretn\u00e9k t\u00f6bb ilyen meglepet\u00e9st!\u201d \u2013 fakadt ki mag\u00e1b\u00f3l kikelve. Szinte remegett a d\u00fcht\u0151l, amikor sz\u00e1mon k\u00e9rte Stohlt, mi\u00e9rt h\u00edvta vissza M\u00f3nik\u00e1t. A v\u00e1lasz \u2013 \u201eezt s\u00fagta a sz\u00edvem\u201d \u2013 csak olaj volt a t\u0171zre. Kiara L0rd \u00f6rj\u00f6ng\u00e9se mindent vitt: k\u00f6nnyek, indulat, f\u00e9lt\u00e9kenys\u00e9g \u00e9s csal\u00f3dotts\u00e1g kavargott benne, \u00e9s egy pillanatra \u00fagy t\u0171nt, az eg\u00e9sz villa beleremeg a haragj\u00e1ba.<\/h3>\n<p>VIA Index<\/p>\n<p>A biztons\u00e1gi felszerelts\u00e9g \u00e9s megb\u00edzhat\u00f3s\u00e1g ter\u00e9n a Volvo EX30 er\u0151s: a Euro NCAP tesztj\u00e9n \u00f6tcsillagos min\u0151s\u00edt\u00e9st kapott, ami azt mutatja, hogy mind a feln\u0151tt, mind a gyermek \u00e9s a gyalogosv\u00e9delem ter\u00fclet\u00e9n magas szint\u0171 passz\u00edv \u00e9s akt\u00edv biztons\u00e1gi rendszereket k\u00edn\u00e1l. A vezet\u00e9st\u00e1mogat\u00f3 megold\u00e1sok k\u00f6z\u00f6tt adapt\u00edv tempomat, s\u00e1vtart\u00f3 assziszt, holtt\u00e9rfigyel\u0151 \u00e9s automatikus v\u00e9szf\u00e9krendszer szerepelnek, ami az elektromos SUV\u2011k k\u00f6z\u00f6tt ma m\u00e1r alapvet\u0151 elv\u00e1r\u00e1s.<\/p>\n<p>Term\u00e9szetesen a Volvo EX30 sem mentes a kritik\u00e1kt\u00f3l \u00e9s probl\u00e9m\u00e1kt\u00f3l. Egyes tulajdonosok \u00e9s tesztel\u0151k szoftveres hib\u00e1kat \u00e9s infotainment\u2011rendszer\u2011probl\u00e9m\u00e1kat jeleztek, amelyek n\u00e9ha a k\u00f6zponti k\u00e9perny\u0151 nem m\u0171k\u00f6d\u00e9s\u00e9t vagy lass\u00fa reakci\u00f3t eredm\u00e9nyeztek, ami a mindennapi haszn\u00e1lat sor\u00e1n zavar\u00f3 lehet. Emellett 2026\u2011ban egyes orsz\u00e1gokban az Extended Range \u00e9s Twin Motor v\u00e1ltozatokn\u00e1l akkumul\u00e1tor\u2011t\u00falhev\u00fcl\u00e9s miatti helyi visszah\u00edv\u00e1sok is el\u0151fordultak, amelyek ideiglenes t\u00f6lt\u00e9si korl\u00e1toz\u00e1ssal j\u00e1rtak a biztons\u00e1g \u00e9rdek\u00e9ben.<\/p>\n<p>\u00d6sszess\u00e9g\u00e9ben a Volvo EX30 egy olyan kism\u00e9ret\u0171 elektromos SUV, amely egyszerre pr\u00f3b\u00e1l fenntarthat\u00f3, technol\u00f3giailag fejlett \u00e9s vezethet\u0151 elektromos j\u00e1rm\u0171v\u00e9 v\u00e1lni egy \u2013 a Volvo\u2011r\u00f3l elv\u00e1rt \u2013 pr\u00e9miumosabb \u00e9rzetben, m\u00e9g akkor is, ha n\u00e9h\u00e1ny kompromisszumot kell k\u00f6tni a praktikuss\u00e1g vagy a felhaszn\u00e1l\u00f3\u2011bar\u00e1t kezelhet\u0151s\u00e9g ter\u00e9n. A modell vonzerej\u00e9t n\u00f6veli az er\u0151s teljes\u00edtm\u00e9ny, a biztons\u00e1gi felszerelts\u00e9g \u00e9s a versenyk\u00e9pes hat\u00f3t\u00e1v, ugyanakkor kih\u00edv\u00e1st jelenthet a kezel\u0151fel\u00fclet \u00e9s a szoftver\u2011\u00e9lm\u00e9ny finomhangol\u00e1sa \u00e9s a h\u00e1ts\u00f3 utasok helyk\u00edn\u00e1lata.<\/p>\n","protected":false},"excerpt":{"rendered":"<p>A sz\u00edn\u00e9sz bejelentette, hogy van egy negyedik n\u0151 is, akivel randizni k\u00e9sz\u00fcl. A k\u00f6vetkez\u0151 pillanatban pedig bes\u00e9t\u00e1lt a vill\u00e1ba a&#8230; <span class=\"gridview-grid-post-read-more\"><a href=\"https:\/\/www.hiregyben.online\/reggeljott\/?p=187\">read more<span class=\"gridview-sr-only\"> Ez\u00e9rt \u0150rj\u00f6ng\u00f6tt Kiara L0rd az utols\u00f3 ad\u00e1sban!<\/span><\/a><\/span><\/p>\n","protected":false},"author":1,"featured_media":188,"comment_status":"open","ping_status":"open","sticky":false,"template":"","format":"standard","meta":{"footnotes":""},"categories":[1],"tags":[],"class_list":["post-187","post","type-post","status-publish","format-standard","has-post-thumbnail","hentry","category-egyeb","wpcat-1-id"],"_links":{"self":[{"href":"https:\/\/www.hiregyben.online\/reggeljott\/index.php?rest_route=\/wp\/v2\/posts\/187","targetHints":{"allow":["GET"]}}],"collection":[{"href":"https:\/\/www.hiregyben.online\/reggeljott\/index.php?rest_route=\/wp\/v2\/posts"}],"about":[{"href":"https:\/\/www.hiregyben.online\/reggeljott\/index.php?rest_route=\/wp\/v2\/types\/post"}],"author":[{"embeddable":true,"href":"https:\/\/www.hiregyben.online\/reggeljott\/index.php?rest_route=\/wp\/v2\/users\/1"}],"replies":[{"embeddable":true,"href":"https:\/\/www.hiregyben.online\/reggeljott\/index.php?rest_route=%2Fwp%2Fv2%2Fcomments&post=187"}],"version-history":[{"count":1,"href":"https:\/\/www.hiregyben.online\/reggeljott\/index.php?rest_route=\/wp\/v2\/posts\/187\/revisions"}],"predecessor-version":[{"id":189,"href":"https:\/\/www.hiregyben.online\/reggeljott\/index.php?rest_route=\/wp\/v2\/posts\/187\/revisions\/189"}],"wp:featuredmedia":[{"embeddable":true,"href":"https:\/\/www.hiregyben.online\/reggeljott\/index.php?rest_route=\/wp\/v2\/media\/188"}],"wp:attachment":[{"href":"https:\/\/www.hiregyben.online\/reggeljott\/index.php?rest_route=%2Fwp%2Fv2%2Fmedia&parent=187"}],"wp:term":[{"taxonomy":"category","embeddable":true,"href":"https:\/\/www.hiregyben.online\/reggeljott\/index.php?rest_route=%2Fwp%2Fv2%2Fcategories&post=187"},{"taxonomy":"post_tag","embeddable":true,"href":"https:\/\/www.hiregyben.online\/reggeljott\/index.php?rest_route=%2Fwp%2Fv2%2Ftags&post=187"}],"curies":[{"name":"wp","href":"https:\/\/api.w.org\/{rel}","templated":true}]}}