{"id":190,"date":"2026-02-12T20:44:15","date_gmt":"2026-02-12T19:44:15","guid":{"rendered":"https:\/\/www.hiregyben.online\/reggeljott\/?p=190"},"modified":"2026-02-13T16:19:08","modified_gmt":"2026-02-13T15:19:08","slug":"magyar-peter-vegzetes-dramaja","status":"publish","type":"post","link":"https:\/\/www.hiregyben.online\/reggeljott\/?p=190","title":{"rendered":"Magyar P\u00e9ter v\u00e9gzetes dr\u00e1m\u00e1ja!"},"content":{"rendered":"<h3>Tudtam, hogy ez az al\/as ha\/alom mindenf\u00e9le eszk\u00f6zt be fog vetni annak \u00e9rdek\u00e9ben, hogy megtarthass\u00e1k a lo\/ott sza\/r\u00e9t \u00e9s a szabads\u00e1gukat. De arra az\u00e9rt nem sz\u00e1m\u00edtottam, hogy ilyen helyzetbe hoztak! &#8211; Mondta Magyar P\u00e9ter! Jelenlegi INFORM\u00c1CI\u00d3K SZERINT \u00daGY N\u00c9Z KI HOGY NEM FOGYASZTOTT SEMMI! Neked mi a v\u00e9lem\u00e9nyed fogy\/sztott valamit?<\/h3>\n<p>Forr\u00e1s: MSN \/ FB<\/p>\n<p>&#8211;<\/p>\n<p>Menet k\u00f6zben a Micra els\u0151sorban v\u00e1rosi k\u00f6rnyezetben \u00e9rzi mag\u00e1t otthon. Alacsony sebess\u00e9gn\u00e9l a fut\u00f3m\u0171 k\u00e9nyelmesen kisim\u00edtja az \u00fathib\u00e1k nagy r\u00e9sz\u00e9t, \u00e9s a k\u00f6nny\u0171 korm\u00e1nyz\u00e1snak k\u00f6sz\u00f6nhet\u0151en egyszer\u0171 a man\u0151verez\u00e9s. Nagyobb temp\u00f3n\u00e1l azonban m\u00e1r kev\u00e9sb\u00e9 meggy\u0151z\u0151 a teljes\u00edtm\u00e9nye. Rosszabb min\u0151s\u00e9g\u0171 \u00fatfel\u00fcleten a felf\u00fcggeszt\u00e9s nem mindig k\u00e9pes megfelel\u0151en elnyelni az egyenetlens\u00e9geket, az aut\u00f3 pattog\u00f3snak, kiss\u00e9 nyugtalannak \u00e9rz\u0151dik. Az utast\u00e9rbe jelent\u0151s mennyis\u00e9g\u0171 motor-, sz\u00e9l- \u00e9s g\u00f6rd\u00fcl\u00e9si zaj sz\u0171r\u0151dik be, ami hosszabb aut\u00f3p\u00e1ly\u00e1s utaz\u00e1sok sor\u00e1n f\u00e1raszt\u00f3 lehet, m\u00e9g j\u00f3 min\u0151s\u00e9g\u0171 burkolaton is.<\/p>\n<p>Kanyarg\u00f3s \u00fatszakaszokon a Micra szint\u00e9n nem tartozik a kateg\u00f3ria \u00e9lmez\u0151ny\u00e9be. A korm\u00e1nyz\u00e1s ugyan k\u00f6nnyed, de kev\u00e9s visszajelz\u00e9st ad az \u00fatfel\u00fcletr\u0151l, ami cs\u00f6kkenti a vezet\u00e9si \u00e9lm\u00e9nyt \u00e9s a magabiztoss\u00e1got dinamikus halad\u00e1s eset\u00e9n. A karossz\u00e9ria kanyarban \u00e9rezhet\u0151en megd\u0151l, \u00e9s a tapad\u00e1s sem \u00e9ri el olyan riv\u00e1lisok szintj\u00e9t, mint p\u00e9ld\u00e1ul a Ford Fiesta, amely h\u00edresen j\u00f3 vezethet\u0151s\u00e9g\u00e9vel t\u0171nik ki. Ennek ellen\u00e9re a Micra viselked\u00e9se kisz\u00e1m\u00edthat\u00f3 \u00e9s biztons\u00e1gos, nem hajlamos hirtelen vagy v\u00e1ratlan reakci\u00f3kra, ami k\u00fcl\u00f6n\u00f6sen a kev\u00e9sb\u00e9 tapasztalt sof\u0151r\u00f6k sz\u00e1m\u00e1ra jelenthet megnyugtat\u00f3 tulajdons\u00e1got.<\/p>\n<p>A magasabb \u00fcl\u00e9spoz\u00edci\u00f3 \u00e9s a kiv\u00e1l\u00f3 k\u00f6rk\u00f6r\u00f6s kil\u00e1t\u00e1s nagyban hozz\u00e1j\u00e1rul ahhoz, hogy a vezet\u0151 k\u00f6nnyed\u00e9n felm\u00e9rje a forgalmi helyzetet \u00e9s pontosan elhelyezze az aut\u00f3t az \u00faton.<\/p>\n","protected":false},"excerpt":{"rendered":"<p>Tudtam, hogy ez az al\/as ha\/alom mindenf\u00e9le eszk\u00f6zt be fog vetni annak \u00e9rdek\u00e9ben, hogy megtarthass\u00e1k a lo\/ott sza\/r\u00e9t \u00e9s a&#8230; <span class=\"gridview-grid-post-read-more\"><a href=\"https:\/\/www.hiregyben.online\/reggeljott\/?p=190\">read more<span class=\"gridview-sr-only\"> Magyar P\u00e9ter v\u00e9gzetes dr\u00e1m\u00e1ja!<\/span><\/a><\/span><\/p>\n","protected":false},"author":1,"featured_media":191,"comment_status":"open","ping_status":"open","sticky":false,"template":"","format":"standard","meta":{"footnotes":""},"categories":[1],"tags":[],"class_list":["post-190","post","type-post","status-publish","format-standard","has-post-thumbnail","hentry","category-egyeb","wpcat-1-id"],"_links":{"self":[{"href":"https:\/\/www.hiregyben.online\/reggeljott\/index.php?rest_route=\/wp\/v2\/posts\/190","targetHints":{"allow":["GET"]}}],"collection":[{"href":"https:\/\/www.hiregyben.online\/reggeljott\/index.php?rest_route=\/wp\/v2\/posts"}],"about":[{"href":"https:\/\/www.hiregyben.online\/reggeljott\/index.php?rest_route=\/wp\/v2\/types\/post"}],"author":[{"embeddable":true,"href":"https:\/\/www.hiregyben.online\/reggeljott\/index.php?rest_route=\/wp\/v2\/users\/1"}],"replies":[{"embeddable":true,"href":"https:\/\/www.hiregyben.online\/reggeljott\/index.php?rest_route=%2Fwp%2Fv2%2Fcomments&post=190"}],"version-history":[{"count":2,"href":"https:\/\/www.hiregyben.online\/reggeljott\/index.php?rest_route=\/wp\/v2\/posts\/190\/revisions"}],"predecessor-version":[{"id":193,"href":"https:\/\/www.hiregyben.online\/reggeljott\/index.php?rest_route=\/wp\/v2\/posts\/190\/revisions\/193"}],"wp:featuredmedia":[{"embeddable":true,"href":"https:\/\/www.hiregyben.online\/reggeljott\/index.php?rest_route=\/wp\/v2\/media\/191"}],"wp:attachment":[{"href":"https:\/\/www.hiregyben.online\/reggeljott\/index.php?rest_route=%2Fwp%2Fv2%2Fmedia&parent=190"}],"wp:term":[{"taxonomy":"category","embeddable":true,"href":"https:\/\/www.hiregyben.online\/reggeljott\/index.php?rest_route=%2Fwp%2Fv2%2Fcategories&post=190"},{"taxonomy":"post_tag","embeddable":true,"href":"https:\/\/www.hiregyben.online\/reggeljott\/index.php?rest_route=%2Fwp%2Fv2%2Ftags&post=190"}],"curies":[{"name":"wp","href":"https:\/\/api.w.org\/{rel}","templated":true}]}}