{"id":194,"date":"2026-02-13T16:53:28","date_gmt":"2026-02-13T15:53:28","guid":{"rendered":"https:\/\/www.hiregyben.online\/reggeljott\/?p=194"},"modified":"2026-02-13T16:53:28","modified_gmt":"2026-02-13T15:53:28","slug":"elkaptak-molnar-gusztavot","status":"publish","type":"post","link":"https:\/\/www.hiregyben.online\/reggeljott\/?p=194","title":{"rendered":"Elkapt\u00e1k Moln\u00e1r Guszt\u00e1vot!"},"content":{"rendered":"<h3>Moln\u00e1r Guszt\u00e1v a Borsnak elmondta: \u0151t is meglepte a k\u00f6r\u00f6z\u00e9s h\u00edre, \u00e9s azonnal felvette a kapcsolatot a G\u00f6d\u00f6ll\u0151i J\u00e1r\u00e1sb\u00edr\u00f3s\u00e1ggal. \u00c1ll\u00edt\u00e1sa szerint egy hat\u00e1rozatot nem vett \u00e1t, mert azt egy kor\u00e1bbi c\u00edm\u00e9re post\u00e1zt\u00e1k, \u00e9s ezt a dokumentumot kiz\u00e1r\u00f3lag szem\u00e9lyesen lehet \u00e1tvenni.<br \/>\nA sz\u00edn\u00e9sz szerint az \u00fcgy egy kor\u00e1bbi, mintegy \u00f6t \u00e9vvel ezel\u0151tti t\u00f6rt\u00e9net ut\u00f3rezg\u00e9se lehet. Kiemelte: kisfi\u00e1val k\u00f6r\u00fclbel\u00fcl k\u00e9t \u00e9ve nem tal\u00e1lkozott, \u00e9s hangs\u00falyozta, nem \u00faj esetr\u0151l van sz\u00f3. B\u00e1r kor\u00e1bban megsz\u00fcntett\u00e9k az elj\u00e1r\u00e1st, k\u00e9s\u0151bb \u00fajabb feljelent\u00e9sek \u00e9rkeztek ellene.<br \/>\nA sz\u00edn\u00e9sz att\u00f3l tart, hogy haza\u00e9rkez\u00e9skor ak\u00e1r a rep\u00fcl\u0151t\u00e9ren is int\u00e9zkedhetnek vele szemben. \u201eAz is lehet, hogy a rend\u0151r\u00f6k visznek el a rept\u00e9rr\u0151l\u201d \u2013 mondta. Legink\u00e1bb azonban nem mag\u00e1\u00e9rt, hanem nyolc h\u00f3napos terhes feles\u00e9g\u00e9\u00e9rt agg\u00f3dik. Abban b\u00edzik, hogy a hat\u00f3s\u00e1gok tekintettel lesznek az \u00e1llapot\u00e1ra.<\/h3>\n<p>VIA Bors<\/p>\n<p>Ez az \u00f6sszhat\u00e1s teh\u00e1t egy nyugodt, magabiztos, hossz\u00fa t\u00e1v\u00fa aut\u00f3z\u00e1st k\u00edn\u00e1l\u00f3 elektromos SUV, amely nem a sportos \u00e9lm\u00e9nyaut\u00f3k kateg\u00f3ri\u00e1j\u00e1ba tartozik, hanem a \u201eluxus, utaz\u00e1s \u00e9s nyugodt k\u00f6zleked\u00e9s\u201d ir\u00e1ny\u00e1ba poz\u00edcion\u00e1lja mag\u00e1t.<br \/>\nA Hyundai Ioniq 9 bels\u0151 tere rendk\u00edv\u00fcl praktikus:<br \/>\nCsomagt\u00e9r \u00e9s helyk\u00edn\u00e1lat: a hatalmas k\u00fcls\u0151 m\u00e9reteknek megfelel\u0151en a csomagt\u00e9r is impoz\u00e1ns. A harmadik sor h\u00e1tt\u00e1ml\u00e1inak led\u00f6nt\u00e9s\u00e9vel a rakt\u00e9r t\u00f6bb mint k\u00e9t \u00e9s f\u00e9lezer literig b\u0151v\u00edthet\u0151, ha pedig csak \u00f6t szem\u00e9ly utazik, m\u00e9g hatalmasabb hely \u00e1ll rendelkez\u00e9sre.<br \/>\nEls\u0151 csomagt\u00e9r (frunk): a villanyaut\u00f3kra jellemz\u0151 els\u0151 csomagt\u00e9r is rendelkez\u00e9sre \u00e1ll (52\u201388 liter k\u00f6z\u00f6tt, a hajt\u00e1sl\u00e1nc f\u00fcggv\u00e9ny\u00e9ben), ami extra t\u00e1rol\u00e1si lehet\u0151s\u00e9get ad.<\/p>\n<p>A belt\u00e9rben sz\u00e1mos t\u00e1rol\u00f3rekesz, USB-C csatlakoz\u00f3 (legt\u00f6bb teszt szerint hat darab, ak\u00e1r 100W-os t\u00f6lt\u00e9ssel), valamint praktikus pakol\u00e1si lehet\u0151s\u00e9gek tal\u00e1lhat\u00f3k.<br \/>\nAz Ioniq 9 nem olcs\u00f3: eur\u00f3pai piacon az alapv\u00e1ltozat \u00e1ra \u00e1ltal\u00e1ban kb. \u00a365,000 (~27\u201330 milli\u00f3 Ft+) k\u00f6r\u00fcl kezd\u0151dik, m\u00edg a legmagasabb felszerelts\u00e9g\u0171 v\u00e1ltozatok b\u0151ven \u00a370\u201380,000 (30\u201335+ milli\u00f3 Ft) f\u00f6l\u00e9 is mehetnek \u2014 ami egy\u00e9rtelm\u0171en a pr\u00e9mium tartom\u00e1nyba pozicion\u00e1lja.<br \/>\n\u00d6sszess\u00e9g\u00e9ben a modell egy jelent\u0151s l\u00e9p\u00e9s a Hyundai palett\u00e1j\u00e1ban: egyr\u00e9szt val\u00f3ban versenyk\u00e9pes egyes pr\u00e9mium riv\u00e1lisokkal, m\u00e1sr\u00e9szt igen k\u00e9nyelmes, t\u00e1gas \u00e9s technol\u00f3giailag fejlett utasteret k\u00edn\u00e1l, ami csal\u00e1di vagy hossz\u00fa t\u00e1v\u00fa utaz\u00e1sok sor\u00e1n k\u00fcl\u00f6n\u00f6sen vonz\u00f3 lehet.<\/p>\n<p>R\u00f6vid Kieg\u00e9sz\u00edt\u00e9s: Innov\u00e1ci\u00f3 \u00e9s J\u00f6v\u0151<br \/>\nA Ioniq 9 nem csak egy nagy elektromos SUV: a gy\u00e1rt\u00f3 \u00e1ltal bemutatott koncepci\u00f3k \u2014 p\u00e9ld\u00e1ul a nagyobb terepj\u00e1r\u00f3 vagy off-road koncepci\u00f3k, h\u00edrek a SEMA-r\u00f3l \u00e9s m\u00e1s testreszab\u00e1si lehet\u0151s\u00e9gek \u2014 is arra utalnak, hogy a platform \u00e9s a modell rugalmass\u00e1ga tov\u00e1bbi fejleszt\u00e9sekre ad lehet\u0151s\u00e9get a j\u00f6v\u0151ben.<br \/>\nA Hyundai Ioniq 9 teh\u00e1t a Hyundai eddigi leger\u0151teljesebb bel\u00e9p\u00e9se a nagy elektromos SUV-k piac\u00e1ra, ahol a m\u00e1rka nem csup\u00e1n technikai tud\u00e1ssal, hanem komforttal, bels\u0151 t\u00e9r \u00e9lm\u00e9nnyel \u00e9s modern haszn\u00e1lhat\u00f3s\u00e1ggal k\u00edv\u00e1n versenyezni. Ez a modell azoknak a v\u00e1s\u00e1rl\u00f3knak ide\u00e1lis, akik egy t\u00e1gas, k\u00e9nyelmes, hossz\u00fa hat\u00f3t\u00e1v\u00fa, pr\u00e9mium \u00e9rzet\u0171 elektromos csal\u00e1di j\u00e1rm\u0171vet keresnek \u2014 ak\u00e1r h\u00e9t \u00fcl\u00e9ssel, ak\u00e1r exkluz\u00edvabb hat\u00fcl\u00e9ses form\u00e1ban.<\/p>\n","protected":false},"excerpt":{"rendered":"<p>Moln\u00e1r Guszt\u00e1v a Borsnak elmondta: \u0151t is meglepte a k\u00f6r\u00f6z\u00e9s h\u00edre, \u00e9s azonnal felvette a kapcsolatot a G\u00f6d\u00f6ll\u0151i J\u00e1r\u00e1sb\u00edr\u00f3s\u00e1ggal. \u00c1ll\u00edt\u00e1sa&#8230; <span class=\"gridview-grid-post-read-more\"><a href=\"https:\/\/www.hiregyben.online\/reggeljott\/?p=194\">read more<span class=\"gridview-sr-only\"> Elkapt\u00e1k Moln\u00e1r Guszt\u00e1vot!<\/span><\/a><\/span><\/p>\n","protected":false},"author":1,"featured_media":196,"comment_status":"open","ping_status":"open","sticky":false,"template":"","format":"standard","meta":{"footnotes":""},"categories":[1],"tags":[],"class_list":["post-194","post","type-post","status-publish","format-standard","has-post-thumbnail","hentry","category-egyeb","wpcat-1-id"],"_links":{"self":[{"href":"https:\/\/www.hiregyben.online\/reggeljott\/index.php?rest_route=\/wp\/v2\/posts\/194","targetHints":{"allow":["GET"]}}],"collection":[{"href":"https:\/\/www.hiregyben.online\/reggeljott\/index.php?rest_route=\/wp\/v2\/posts"}],"about":[{"href":"https:\/\/www.hiregyben.online\/reggeljott\/index.php?rest_route=\/wp\/v2\/types\/post"}],"author":[{"embeddable":true,"href":"https:\/\/www.hiregyben.online\/reggeljott\/index.php?rest_route=\/wp\/v2\/users\/1"}],"replies":[{"embeddable":true,"href":"https:\/\/www.hiregyben.online\/reggeljott\/index.php?rest_route=%2Fwp%2Fv2%2Fcomments&post=194"}],"version-history":[{"count":1,"href":"https:\/\/www.hiregyben.online\/reggeljott\/index.php?rest_route=\/wp\/v2\/posts\/194\/revisions"}],"predecessor-version":[{"id":197,"href":"https:\/\/www.hiregyben.online\/reggeljott\/index.php?rest_route=\/wp\/v2\/posts\/194\/revisions\/197"}],"wp:featuredmedia":[{"embeddable":true,"href":"https:\/\/www.hiregyben.online\/reggeljott\/index.php?rest_route=\/wp\/v2\/media\/196"}],"wp:attachment":[{"href":"https:\/\/www.hiregyben.online\/reggeljott\/index.php?rest_route=%2Fwp%2Fv2%2Fmedia&parent=194"}],"wp:term":[{"taxonomy":"category","embeddable":true,"href":"https:\/\/www.hiregyben.online\/reggeljott\/index.php?rest_route=%2Fwp%2Fv2%2Fcategories&post=194"},{"taxonomy":"post_tag","embeddable":true,"href":"https:\/\/www.hiregyben.online\/reggeljott\/index.php?rest_route=%2Fwp%2Fv2%2Ftags&post=194"}],"curies":[{"name":"wp","href":"https:\/\/api.w.org\/{rel}","templated":true}]}}