{"id":198,"date":"2026-02-13T18:23:27","date_gmt":"2026-02-13T17:23:27","guid":{"rendered":"https:\/\/www.hiregyben.online\/reggeljott\/?p=198"},"modified":"2026-02-13T18:23:27","modified_gmt":"2026-02-13T17:23:27","slug":"ujabb-borzalmas-tragedia-a-huszti-ikrek-csaladjaban","status":"publish","type":"post","link":"https:\/\/www.hiregyben.online\/reggeljott\/?p=198","title":{"rendered":"\u00dajabb borzalmas trag\u00e9dia a Huszti ikrek csal\u00e1dj\u00e1ban!"},"content":{"rendered":"<h3>Mintha a sors k\u00f6ny\u00f6rtelen\u00fcl \u00fajra les\u00fajtott volna a csal\u00e1dra. Mikl\u00f3s v\u00e9gs\u0151 nyugalomra sz\u00fcl\u0151faluj\u00e1ban, Tornyosp\u00e1lca temet\u0151j\u00e9ben t\u00e9r majd, t\u00e1vol l\u00e1nyait\u00f3l, akik a Pest v\u00e1rmegyei Monor s\u00edrkertj\u00e9ben alussz\u00e1k \u00f6r\u00f6k \u00e1lmukat. Apa \u00e9s l\u00e1nyai k\u00fcl\u00f6n f\u00f6ldben, m\u00e9gis \u00f6sszetartozva egy csal\u00e1d, amelyet n\u00e9h\u00e1ny h\u00f3nap leforg\u00e1sa alatt egym\u00e1s ut\u00e1n \u00e9rt a kimondhatatlan trag\u00e9dia. Vajon t\u00e9nyleg v\u00e9get \u00e9rtek a megpr\u00f3b\u00e1ltat\u00e1sok?<\/h3>\n<p>VIA Blikk<\/p>\n<p>Az Autocar tesztje \u00f6sszess\u00e9g\u00e9ben azt sugallja, hogy a Kai GM Torres \u201ej\u00f3 aut\u00f3\u201d abban az \u00e9rtelemben, hogy praktikus, t\u00e1gas \u00e9s vizu\u00e1lisan egyedi modell, de nem felt\u00e9tlen\u00fcl \u201ejobb\u201d a kateg\u00f3ria legjobbjain\u00e1l. A motor teljes\u00edtm\u00e9ny\u00e9t \u00e9s hat\u00e9konys\u00e1g\u00e1t sok riv\u00e1lis (k\u00fcl\u00f6n\u00f6sen a korszer\u0171, mild-hibrid vagy hibrid hajt\u00e1sl\u00e1ncokkal szerelt modellek) fel\u00fclm\u00falja, \u00e9s a vezet\u00e9si \u00e9lm\u00e9ny sem olyan inspir\u00e1l\u00f3, mint a Toyota, Mazda vagy Volkswagen hasonl\u00f3 szegmens\u0171 SUV-jai eset\u00e9n.<\/p>\n<p>Ez a pontoss\u00e1g k\u00fcl\u00f6n\u00f6sen fontos a mai aut\u00f3piacon, ahol a v\u00e1s\u00e1rl\u00f3k egyre ink\u00e1bb v\u00e1rj\u00e1k el a hat\u00e9kony, alacsony \u00fczemanyag-fogyaszt\u00e1s\u00fa vagy ak\u00e1r hibrid hajt\u00e1s\u00fa opci\u00f3kat, valamint az intuit\u00edv infotainment-rendszereket \u00e9s a fejlett k\u00e9nyelmi technol\u00f3gi\u00e1kat. Ezzel szemben a Torres jelenlegi, benzinmotoros k\u00edn\u00e1lata t\u00f6bb szempontb\u00f3l hagy k\u00edv\u00e1nnival\u00f3t maga ut\u00e1n: a fogyaszt\u00e1s a WLTP-becsl\u00e9sek szerint alacsonynak (vagyis magasnak) sz\u00e1m\u00edt (k\u00f6r\u00fclbel\u00fcl 31-33 mpg k\u00f6r\u00fcl), ami nem ide\u00e1lis egy modern SUV-t\u00f3l.<\/p>\n<p>\u00c9ppen ez\u00e9rt a KGM hamarosan bemutatott hibrid \u00e9s elektromos v\u00e1ltozatok \u2013 mint a Torres Hybrid \u00e9s az EVX \u2013 k\u00fcl\u00f6n\u00f6sen \u00edg\u00e9retesek lehetnek a v\u00e1s\u00e1rl\u00f3k sz\u00e1m\u00e1ra, akik hat\u00e9konys\u00e1got \u00e9s modernebb hajt\u00e1sl\u00e1nc-technol\u00f3gi\u00e1t keresnek. A Torrentez\u2013Hybrid p\u00e9ld\u00e1ul kombin\u00e1lja a turb\u00f3s benzinmotort \u00e9s elektromotort, amellyel WLTP-szabv\u00e1ny szerint jelent\u0151sen alacsonyabb fogyaszt\u00e1st \u00e9rhet el, m\u00edg az EVX tiszt\u00e1n elektromos modell t\u00f6bb sz\u00e1z kilom\u00e9teres hat\u00f3t\u00e1vval \u00e9s csendes, sima vezet\u00e9si \u00e9lm\u00e9nnyel kecsegtet.<\/p>\n<p>\u00d6sszess\u00e9g\u00e9ben teh\u00e1t a KGM Torres egy olyan SUV, amely egyedi diz\u00e1jnj\u00e1val \u00e9s t\u00e1gas bels\u0151 ter\u00e9vel sok v\u00e1s\u00e1rl\u00f3 figyelm\u00e9t felkeltheti, de m\u0171szaki tartalm\u00e1ban \u00e9s haszn\u00e1lati \u00e9lm\u00e9ny\u00e9ben kev\u00e9sb\u00e9 hozza azt a korszer\u0171s\u00e9get \u00e9s kifinomults\u00e1got, amit a legt\u00f6bb versenyt\u00e1rs ma m\u00e1r alapvet\u0151nek tart. Ez nem felt\u00e9tlen\u00fcl rossz aut\u00f3, hanem ink\u00e1bb egy olyan modell, amely a statikus megjelen\u00e9st \u00e9s praktikumot helyezi el\u0151t\u00e9rbe a teljes\u00edtm\u00e9ny \u00e9s a technol\u00f3giai finoms\u00e1gok rov\u00e1s\u00e1ra.<\/p>\n","protected":false},"excerpt":{"rendered":"<p>Mintha a sors k\u00f6ny\u00f6rtelen\u00fcl \u00fajra les\u00fajtott volna a csal\u00e1dra. Mikl\u00f3s v\u00e9gs\u0151 nyugalomra sz\u00fcl\u0151faluj\u00e1ban, Tornyosp\u00e1lca temet\u0151j\u00e9ben t\u00e9r majd, t\u00e1vol l\u00e1nyait\u00f3l, akik&#8230; <span class=\"gridview-grid-post-read-more\"><a href=\"https:\/\/www.hiregyben.online\/reggeljott\/?p=198\">read more<span class=\"gridview-sr-only\"> \u00dajabb borzalmas trag\u00e9dia a Huszti ikrek csal\u00e1dj\u00e1ban!<\/span><\/a><\/span><\/p>\n","protected":false},"author":1,"featured_media":199,"comment_status":"open","ping_status":"open","sticky":false,"template":"","format":"standard","meta":{"footnotes":""},"categories":[1],"tags":[],"class_list":["post-198","post","type-post","status-publish","format-standard","has-post-thumbnail","hentry","category-egyeb","wpcat-1-id"],"_links":{"self":[{"href":"https:\/\/www.hiregyben.online\/reggeljott\/index.php?rest_route=\/wp\/v2\/posts\/198","targetHints":{"allow":["GET"]}}],"collection":[{"href":"https:\/\/www.hiregyben.online\/reggeljott\/index.php?rest_route=\/wp\/v2\/posts"}],"about":[{"href":"https:\/\/www.hiregyben.online\/reggeljott\/index.php?rest_route=\/wp\/v2\/types\/post"}],"author":[{"embeddable":true,"href":"https:\/\/www.hiregyben.online\/reggeljott\/index.php?rest_route=\/wp\/v2\/users\/1"}],"replies":[{"embeddable":true,"href":"https:\/\/www.hiregyben.online\/reggeljott\/index.php?rest_route=%2Fwp%2Fv2%2Fcomments&post=198"}],"version-history":[{"count":1,"href":"https:\/\/www.hiregyben.online\/reggeljott\/index.php?rest_route=\/wp\/v2\/posts\/198\/revisions"}],"predecessor-version":[{"id":200,"href":"https:\/\/www.hiregyben.online\/reggeljott\/index.php?rest_route=\/wp\/v2\/posts\/198\/revisions\/200"}],"wp:featuredmedia":[{"embeddable":true,"href":"https:\/\/www.hiregyben.online\/reggeljott\/index.php?rest_route=\/wp\/v2\/media\/199"}],"wp:attachment":[{"href":"https:\/\/www.hiregyben.online\/reggeljott\/index.php?rest_route=%2Fwp%2Fv2%2Fmedia&parent=198"}],"wp:term":[{"taxonomy":"category","embeddable":true,"href":"https:\/\/www.hiregyben.online\/reggeljott\/index.php?rest_route=%2Fwp%2Fv2%2Fcategories&post=198"},{"taxonomy":"post_tag","embeddable":true,"href":"https:\/\/www.hiregyben.online\/reggeljott\/index.php?rest_route=%2Fwp%2Fv2%2Ftags&post=198"}],"curies":[{"name":"wp","href":"https:\/\/api.w.org\/{rel}","templated":true}]}}