{"id":201,"date":"2026-02-13T20:45:20","date_gmt":"2026-02-13T19:45:20","guid":{"rendered":"https:\/\/www.hiregyben.online\/reggeljott\/?p=201"},"modified":"2026-02-13T20:45:20","modified_gmt":"2026-02-13T19:45:20","slug":"oriasi-meglepetes-ezt-adja-a-kormany-marciusban","status":"publish","type":"post","link":"https:\/\/www.hiregyben.online\/reggeljott\/?p=201","title":{"rendered":"\u00d3ri\u00e1si meglepet\u00e9s! Ezt adja a korm\u00e1ny m\u00e1rciusban"},"content":{"rendered":"<h3>Ez azt jelenti, hogy 2026 tavasz\u00e1n, m\u00e1rcius v\u00e9g\u00e9ig minden jogosult megkapja az utalv\u00e1nyt a lakc\u00edm\u00e9re. A k\u00e9zbes\u00edt\u00e9st a Magyar Posta v\u00e9gzi \u2013 sz\u00fcks\u00e9g eset\u00e9n a gondnokhoz vagy gy\u00e1mhoz \u00e9rkezik a k\u00fcldem\u00e9ny. Mit jelent ez a gyakorlatban? A kedvezm\u00e9nyek azonban nem \u00e1llnak meg a k\u00f6zleked\u00e9sn\u00e9l. Sz\u00ednh\u00e1zak, m\u00fazeumok, ki\u00e1ll\u00edt\u00f3terek \u00e9s kultur\u00e1lis int\u00e9zm\u00e9nyek orsz\u00e1gszerte k\u00edn\u00e1lnak cs\u00f6kkentett \u00e1r\u00fa bel\u00e9p\u0151ket, sok helyen ak\u00e1r 50 sz\u00e1zal\u00e9kos engedm\u00e9nnyel.<\/h3>\n<p>Forr\u00e1s: MSN \/ FB<\/p>\n<p>&#8211;<\/p>\n<p>A Kia r\u00e1ad\u00e1sul \u00e9vek \u00f3ta kiv\u00e1l\u00f3 megb\u00edzhat\u00f3s\u00e1gi h\u00edrn\u00e9vnek \u00f6rvend, \u00e9s a f\u00fcggetlen t\u00f6r\u00e9stesztek eredm\u00e9nyei is meggy\u0151z\u0151ek, ami tov\u00e1bb n\u00f6veli a Carens vonzerej\u00e9t a k\u00f6lts\u00e9gtudatos csal\u00e1dok k\u00f6r\u00e9ben.<\/p>\n<p>A negat\u00edvumok k\u00f6z\u00f6tt meg kell eml\u00edteni, hogy a bels\u0151 t\u00e9r valamivel sz\u0171k\u00f6sebb, mint n\u00e9h\u00e1ny k\u00f6zvetlen h\u00e9t\u00fcl\u00e9ses riv\u00e1lis eset\u00e9ben. A harmadik \u00fcl\u00e9ssor ink\u00e1bb gyerekek sz\u00e1m\u00e1ra ide\u00e1lis, \u00e9s teljes kihaszn\u00e1lts\u00e1g mellett a csomagt\u00e9r m\u00e9rete is korl\u00e1tozottabb. A teljes\u00edtm\u00e9ny \u00e9s a vezet\u00e9si \u00e9lm\u00e9ny szint\u00e9n ink\u00e1bb \u00e1tlagos, mint kiemelked\u0151. Emellett sz\u00e1molni kell azzal is, hogy az aut\u00f3 \u00e9rt\u00e9ke a haszn\u00e1ltpiacon jelent\u0151sebb m\u00e9rt\u00e9kben cs\u00f6kkenhet, ami hosszabb t\u00e1v\u00fa tulajdonl\u00e1s eset\u00e9n fontos szempont lehet.<\/p>\n<p>A nagyobb teljes\u00edtm\u00e9ny\u0171, 134 l\u00f3er\u0151s, 1,7 literes d\u00edzelmotor kiz\u00e1r\u00f3lag a Carens 3 felszerelts\u00e9ggel \u00e9rhet\u0151 el. B\u00e1r ez az er\u0151forr\u00e1s er\u0151sebb a k\u00edn\u00e1lat alapv\u00e1ltozatain\u00e1l, m\u00e9g \u00edgy sem k\u00e9pes felvenni a versenyt a kateg\u00f3ria legjobb h\u00e9t\u00fcl\u00e9ses modelljeinek dinamizmus\u00e1val. Mivel azonban egyter\u0171r\u0151l van sz\u00f3, a hangs\u00faly nem a sportos vezet\u00e9sen van, hanem a k\u00e9nyelmes, nyugodt halad\u00e1son. A motor f\u0151k\u00e9nt akkor \u00e9rz\u0151dik lomh\u00e1nak, amikor az aut\u00f3 teljesen meg van pakolva utasokkal \u00e9s csomagokkal. \u00d6n\u00e1ll\u00f3an vizsg\u00e1lva a Kia megfelel\u0151en \u00e9l\u00e9nknek t\u0171nik, \u00e1m jelent\u0151s t\u00f6mege miatt fokozatban t\u00f6rt\u00e9n\u0151 gyors\u00edt\u00e1skor lassabbnak bizonyul, mint n\u00e9h\u00e1ny vet\u00e9lyt\u00e1rs, p\u00e9ld\u00e1ul a Fiat 500L MPW.<\/p>\n","protected":false},"excerpt":{"rendered":"<p>Ez azt jelenti, hogy 2026 tavasz\u00e1n, m\u00e1rcius v\u00e9g\u00e9ig minden jogosult megkapja az utalv\u00e1nyt a lakc\u00edm\u00e9re. A k\u00e9zbes\u00edt\u00e9st a Magyar Posta&#8230; <span class=\"gridview-grid-post-read-more\"><a href=\"https:\/\/www.hiregyben.online\/reggeljott\/?p=201\">read more<span class=\"gridview-sr-only\"> \u00d3ri\u00e1si meglepet\u00e9s! Ezt adja a korm\u00e1ny m\u00e1rciusban<\/span><\/a><\/span><\/p>\n","protected":false},"author":1,"featured_media":202,"comment_status":"open","ping_status":"open","sticky":false,"template":"","format":"standard","meta":{"footnotes":""},"categories":[1],"tags":[],"class_list":["post-201","post","type-post","status-publish","format-standard","has-post-thumbnail","hentry","category-egyeb","wpcat-1-id"],"_links":{"self":[{"href":"https:\/\/www.hiregyben.online\/reggeljott\/index.php?rest_route=\/wp\/v2\/posts\/201","targetHints":{"allow":["GET"]}}],"collection":[{"href":"https:\/\/www.hiregyben.online\/reggeljott\/index.php?rest_route=\/wp\/v2\/posts"}],"about":[{"href":"https:\/\/www.hiregyben.online\/reggeljott\/index.php?rest_route=\/wp\/v2\/types\/post"}],"author":[{"embeddable":true,"href":"https:\/\/www.hiregyben.online\/reggeljott\/index.php?rest_route=\/wp\/v2\/users\/1"}],"replies":[{"embeddable":true,"href":"https:\/\/www.hiregyben.online\/reggeljott\/index.php?rest_route=%2Fwp%2Fv2%2Fcomments&post=201"}],"version-history":[{"count":1,"href":"https:\/\/www.hiregyben.online\/reggeljott\/index.php?rest_route=\/wp\/v2\/posts\/201\/revisions"}],"predecessor-version":[{"id":203,"href":"https:\/\/www.hiregyben.online\/reggeljott\/index.php?rest_route=\/wp\/v2\/posts\/201\/revisions\/203"}],"wp:featuredmedia":[{"embeddable":true,"href":"https:\/\/www.hiregyben.online\/reggeljott\/index.php?rest_route=\/wp\/v2\/media\/202"}],"wp:attachment":[{"href":"https:\/\/www.hiregyben.online\/reggeljott\/index.php?rest_route=%2Fwp%2Fv2%2Fmedia&parent=201"}],"wp:term":[{"taxonomy":"category","embeddable":true,"href":"https:\/\/www.hiregyben.online\/reggeljott\/index.php?rest_route=%2Fwp%2Fv2%2Fcategories&post=201"},{"taxonomy":"post_tag","embeddable":true,"href":"https:\/\/www.hiregyben.online\/reggeljott\/index.php?rest_route=%2Fwp%2Fv2%2Ftags&post=201"}],"curies":[{"name":"wp","href":"https:\/\/api.w.org\/{rel}","templated":true}]}}