{"id":208,"date":"2026-02-15T17:21:45","date_gmt":"2026-02-15T16:21:45","guid":{"rendered":"https:\/\/www.hiregyben.online\/reggeljott\/?p=208"},"modified":"2026-02-15T17:21:45","modified_gmt":"2026-02-15T16:21:45","slug":"ahogy-meg-biztos-hogy-sohasem-latta","status":"publish","type":"post","link":"https:\/\/www.hiregyben.online\/reggeljott\/?p=208","title":{"rendered":"Ahogy m\u00e9g biztos hogy sohasem l\u00e1tta"},"content":{"rendered":"<h3>A k\u00f6z\u00f6ns\u00e9g a k\u00e9perny\u0151r\u0151l ismeri, \u00e1m kevesen tudj\u00e1k, hogy komoly eg\u00e9szs\u00e9g\u00fcgyi m\u00falt \u00e1ll m\u00f6g\u00f6tte. Az egyetemen eleinte sz\u00fc\/\u00e9szn\/nek tanult, de a karrierje miatt f\u00e9lbehagyta a tanulm\u00e1nyait. K\u00e9s\u0151bb azonban, egy p\u00e1r\/apcsolat miatti sz\u00fcnet alatt visszat\u00e9rt a tanul\u00e1shoz, \u00e9s \u00e1pol\u00f3i v\u00e9gzetts\u00e9get szerzett. T\u00f6bb budapesti k\u00f3rh\u00e1z pszichi\u00e1triai \u00e9s belgy\u00f3gy\u00e1szati oszt\u00e1ly\u00e1n is dolgozott, ahol a feladatok fizikailag \u00e9s lelkileg is pr\u00f3b\u00e1ra tett\u00e9k. B\u00e1r tanulm\u00e1nyait kiv\u00e1l\u00f3 eredm\u00e9nnyel z\u00e1rta, v\u00e9g\u00fcl m\u00e9gis a fi\/mes \u00e9s telev\u00edzi\u00f3s karriert v\u00e1lasztotta. Az \u00e1pol\u00f3k m\u00e9lys\u00e9ges a\/\u00e1zattal szolg\u00e1lnak, ami bennem nincs meg &#8211; fogalmazott a Nagy \u0150 33 \u00e9ves versenyz\u0151je. A k\u00e9\/eket 24 \u00f3r\u00e1s IG posztban tekinthet\u0151 meg!<\/h3>\n<p>Forr\u00e1s: MSN \/ FB \/ IG<\/p>\n<p>&#8211;<\/p>\n<p>A Kia Pro_cee&#8217;d GT feszesebb rug\u00f3z\u00e1st \u00e9s kem\u00e9nyebb leng\u00e9scsillap\u00edt\u00f3kat kapott, vastagabb h\u00e1ts\u00f3 stabiliz\u00e1torr\u00faddal \u00e9s tapad\u00f3sabb abroncsokkal kieg\u00e9sz\u00edtve. Ezek az \u00e1talak\u00edt\u00e1sok jelent\u0151sen jav\u00edtj\u00e1k a vezet\u00e9si \u00e9lm\u00e9nyt a norm\u00e1l v\u00e1ltozathoz k\u00e9pest. Kanyarokban stabilan tapad, az oldald\u0151l\u00e9s j\u00f3l kontroll\u00e1lt, az aut\u00f3 kisz\u00e1m\u00edthat\u00f3an viselkedik m\u00e9g temp\u00f3sabb \u00edvv\u00e9tel eset\u00e9n is. A fut\u00f3m\u0171 feszess\u00e9ge ugyanakkor nem v\u00e1lik elviselhetetlenn\u00e9 a h\u00e9tk\u00f6znapi haszn\u00e1lat sor\u00e1n, \u00edgy az aut\u00f3 meg\u0151rzi mindennapi haszn\u00e1lhat\u00f3s\u00e1g\u00e1t. Ugyanakkor a f\u00e9kek intenz\u00edv ig\u00e9nybev\u00e9tel mellett viszonylag hamar f\u00e1radnak, ami hosszabb, sportosabb haszn\u00e1lat sor\u00e1n \u2013 p\u00e9ld\u00e1ul szerpentines utakon \u2013 \u00e9rezhet\u0151 lehet. A korm\u00e1nyz\u00e1s s\u00falyos, ami sportos \u00e9rzetet k\u00f6lcs\u00f6n\u00f6z, de egyenesfut\u00e1s k\u00f6rny\u00e9k\u00e9n kiss\u00e9 k\u00f6vetkezetlen visszajelz\u00e9seket ad, \u00edgy nem mindig teljesen prec\u00edz az \u00e9rzet.<\/p>\n<p>Dinamikai szempontb\u00f3l nem veszi fel a versenyt a leg\u00e9lesebb hot hatch modellekkel, amelyek p\u00e1lyanapokra optimaliz\u00e1lt fut\u00f3m\u0171vel \u00e9s agressz\u00edvabb hangol\u00e1ssal rendelkeznek. A GT ink\u00e1bb egy gyors, k\u00f6z\u00fati haszn\u00e1latra hangolt sportos kompakt, amely a lend\u00fcletes orsz\u00e1g\u00fati halad\u00e1st r\u00e9szes\u00edti el\u0151nyben a versenyp\u00e1ly\u00e1s extr\u00e9m terhel\u00e9ssel szemben. Ez a karakter sok vezet\u0151 sz\u00e1m\u00e1ra ide\u00e1lis kompromisszumot jelent: \u00e9lvezetes, de nem kimer\u00edt\u0151; sportos, de nem t\u00falzottan radik\u00e1lis.<\/p>\n<p>Egy h\u00e1romajt\u00f3s aut\u00f3 eset\u00e9ben az egyik legfontosabb szempont a megjelen\u00e9s, \u00e9s a Pro_cee&#8217;d GT ezen a t\u00e9ren kifejezetten er\u0151s. K\u00fcls\u0151 formaterve mark\u00e1ns \u00e9s figyelemfelkelt\u0151, egy\u00e9rtelm\u0171en megk\u00fcl\u00f6nb\u00f6zteti mag\u00e1t az alapv\u00e1ltozatt\u00f3l.<\/p>\n","protected":false},"excerpt":{"rendered":"<p>A k\u00f6z\u00f6ns\u00e9g a k\u00e9perny\u0151r\u0151l ismeri, \u00e1m kevesen tudj\u00e1k, hogy komoly eg\u00e9szs\u00e9g\u00fcgyi m\u00falt \u00e1ll m\u00f6g\u00f6tte. Az egyetemen eleinte sz\u00fc\/\u00e9szn\/nek tanult, de&#8230; <span class=\"gridview-grid-post-read-more\"><a href=\"https:\/\/www.hiregyben.online\/reggeljott\/?p=208\">read more<span class=\"gridview-sr-only\"> Ahogy m\u00e9g biztos hogy sohasem l\u00e1tta<\/span><\/a><\/span><\/p>\n","protected":false},"author":1,"featured_media":209,"comment_status":"open","ping_status":"open","sticky":false,"template":"","format":"standard","meta":{"footnotes":""},"categories":[1],"tags":[],"class_list":["post-208","post","type-post","status-publish","format-standard","has-post-thumbnail","hentry","category-egyeb","wpcat-1-id"],"_links":{"self":[{"href":"https:\/\/www.hiregyben.online\/reggeljott\/index.php?rest_route=\/wp\/v2\/posts\/208","targetHints":{"allow":["GET"]}}],"collection":[{"href":"https:\/\/www.hiregyben.online\/reggeljott\/index.php?rest_route=\/wp\/v2\/posts"}],"about":[{"href":"https:\/\/www.hiregyben.online\/reggeljott\/index.php?rest_route=\/wp\/v2\/types\/post"}],"author":[{"embeddable":true,"href":"https:\/\/www.hiregyben.online\/reggeljott\/index.php?rest_route=\/wp\/v2\/users\/1"}],"replies":[{"embeddable":true,"href":"https:\/\/www.hiregyben.online\/reggeljott\/index.php?rest_route=%2Fwp%2Fv2%2Fcomments&post=208"}],"version-history":[{"count":1,"href":"https:\/\/www.hiregyben.online\/reggeljott\/index.php?rest_route=\/wp\/v2\/posts\/208\/revisions"}],"predecessor-version":[{"id":210,"href":"https:\/\/www.hiregyben.online\/reggeljott\/index.php?rest_route=\/wp\/v2\/posts\/208\/revisions\/210"}],"wp:featuredmedia":[{"embeddable":true,"href":"https:\/\/www.hiregyben.online\/reggeljott\/index.php?rest_route=\/wp\/v2\/media\/209"}],"wp:attachment":[{"href":"https:\/\/www.hiregyben.online\/reggeljott\/index.php?rest_route=%2Fwp%2Fv2%2Fmedia&parent=208"}],"wp:term":[{"taxonomy":"category","embeddable":true,"href":"https:\/\/www.hiregyben.online\/reggeljott\/index.php?rest_route=%2Fwp%2Fv2%2Fcategories&post=208"},{"taxonomy":"post_tag","embeddable":true,"href":"https:\/\/www.hiregyben.online\/reggeljott\/index.php?rest_route=%2Fwp%2Fv2%2Ftags&post=208"}],"curies":[{"name":"wp","href":"https:\/\/api.w.org\/{rel}","templated":true}]}}