{"id":211,"date":"2026-02-16T15:06:46","date_gmt":"2026-02-16T14:06:46","guid":{"rendered":"https:\/\/www.hiregyben.online\/reggeljott\/?p=211"},"modified":"2026-02-16T15:06:46","modified_gmt":"2026-02-16T14:06:46","slug":"kitort-a-botrany-liptai-claudia-lanya-betegsege-miatt","status":"publish","type":"post","link":"https:\/\/www.hiregyben.online\/reggeljott\/?p=211","title":{"rendered":"Kit\u00f6rt a botr\u00e1ny Liptai Claudia l\u00e1nya betegs\u00e9ge miatt!"},"content":{"rendered":"<h3>A legnagyobb vihart azonban Claudia egy \u0151szinte, \u00e1m ann\u00e1l provokat\u00edvabb mondata kavarta. \u00dagy fogalmazott: l\u00e1nya egyetemista, akinek \u201esz\u00fclet\u00e9si rendelleness\u00e9ge\u201d, hogy az anyja \u00e9s az apja h\u00edres. Ez a kijelent\u00e9s olaj volt a t\u0171zre. Sokan egy\u00fctt\u00e9rz\u0151en b\u00f3logattak, m\u00e1sok viszont felh\u00e1borodtak, mondv\u00e1n: a h\u00edrn\u00e9v nem betegs\u00e9g, hanem kiv\u00e1lts\u00e1g. A \u201ebetegs\u00e9g\u201d sz\u00f3 haszn\u00e1lata \u00fajabb t\u00e1mad\u00e1si fel\u00fcletet adott a kritikusoknak, akik szerint Panka eleve el\u0151nyb\u0151l indul, \u00e9s most m\u00e9g sajn\u00e1latot is pr\u00f3b\u00e1lnak kelteni ir\u00e1nta. Egy orsz\u00e1g el\u0151tt kell bizony\u00edtania, hogy nemcsak h\u00edres sz\u00fcl\u0151k gyermeke, hanem \u00f6n\u00e1ll\u00f3 szem\u00e9lyis\u00e9g is. A k\u00e9rd\u00e9s m\u00e1r csak az: a k\u00f6z\u00f6ns\u00e9g tehets\u00e9get l\u00e1t majd benne \u2013 vagy tov\u00e1bb sz\u00edtja a botr\u00e1nyt?<\/h3>\n<p>VIA MSN \/ Blikk \/ FB<\/p>\n<p>Ez a hat\u00f3t\u00e1v nem kiemelked\u0151 egy modern elektromos aut\u00f3hoz k\u00e9pest, de csal\u00e1di v\u00e1rosi vagy heti bev\u00e1s\u00e1rl\u00f3s k\u00f6rutat \u2014 t\u00f6lt\u00e9si tervez\u00e9ssel \u2014 k\u00e9nyelmesen kiszolg\u00e1l.<br \/>\nA gyors-t\u00f6lt\u00e9si k\u00e9pess\u00e9g ak\u00e1r 100 kW-os egyen\u00e1ram\u00fa t\u00f6lt\u00e9sre is lehet\u0151s\u00e9get ad, amellyel 10-80 %-ra k\u00f6r\u00fclbel\u00fcl 30 perc alatt felt\u00f6lthet\u0151 az akku, b\u00e1r ehhez megfelel\u0151 m\u00e9ret\u0171 \u00e9s teljes\u00edtm\u00e9ny\u0171 gyorst\u00f6lt\u0151 sz\u00fcks\u00e9ges.<br \/>\nMivel a Berlingo alapja egy haszonj\u00e1rm\u0171-platform, a vezet\u00e9si \u00e9lm\u00e9ny nem egy sportaut\u00f3\u00e9ra eml\u00e9keztet: a korm\u00e1nyz\u00e1s valamelyest \u201el\u00e1gy\u201d, a rug\u00f3z\u00e1s pedig puh\u00e1ra van hangolva, hogy kisz\u0171rje az \u00fathib\u00e1kat \u00e9s k\u00e9nyelmes utaz\u00e1st biztos\u00edtson sug\u00e1rutakon \u00e9s v\u00e1rosi utakon egyar\u00e1nt.<\/p>\n<p>Ez a be\u00e1ll\u00edt\u00e1s nagyon j\u00f3l m\u0171k\u00f6dik v\u00e1rosi \u00e9s mindennapi haszn\u00e1latban \u2014 a j\u00e1rm\u0171 lassan g\u00f6rd\u00fcl \u00e1t az \u00fathib\u00e1kon, stabil \u00e9s k\u00f6nnyen ir\u00e1ny\u00edthat\u00f3 marad. Azonban magasabb sebess\u00e9gekn\u00e9l vagy kanyarg\u00f3s vid\u00e9ki utakon a karossz\u00e9ria d\u0151l\u00e9se \u00e9s a relat\u00edve bizonytalan korm\u00e1nyz\u00e1s miatt kev\u00e9sb\u00e9 sportos \u00e9lm\u00e9nyt ny\u00fajt.<br \/>\nEl\u0151ny\u00f6k \u00e9s h\u00e1tr\u00e1nyok \u2013 gyakorlati szemsz\u00f6gb\u0151l<br \/>\nRendk\u00edv\u00fcl t\u00e1gas bels\u0151 t\u00e9r: ak\u00e1r \u00f6t vagy h\u00e9t \u00fcl\u00e9s, rengeteg rakod\u00f3t\u00e9r \u00e9s vari\u00e1lhat\u00f3 elrendez\u00e9s.<br \/>\nPraktikum minden szinten: nagy csomagt\u00e9r, k\u00f6nny\u0171 besz\u00e1ll\u00e1s, praktikus t\u00e1rol\u00f3k, tol\u00f3ajt\u00f3k.<br \/>\nKomfortos rug\u00f3z\u00e1s: v\u00e1rosi \u00e9s orsz\u00e1g\u00fati utakra is alkalmas, k\u00e9nyelmes utaz\u00e1si \u00e9lm\u00e9ny.<\/p>\n<p>Gyors t\u00f6lt\u00e9si lehet\u0151s\u00e9g: ak\u00e1r 100 kW DC gyorst\u00f6lt\u00e9ssel. 0 g\/km CO\u2082-kibocs\u00e1t\u00e1s \u00e9s alacsony \u00fczemi k\u00f6lts\u00e9g egy elektromos aut\u00f3hoz k\u00e9pest.<br \/>\nNem nagy hat\u00f3t\u00e1v\u00fa villanyaut\u00f3: ink\u00e1bb v\u00e1rosi mobilit\u00e1sra optimaliz\u00e1lt. Steril, egyszer\u0171 bels\u0151 anyaghaszn\u00e1lat: nem pr\u00e9mium \u00e9rzet.<br \/>\nSportos dinamik\u00e1t nem k\u00edn\u00e1l: f\u0151k\u00e9nt k\u00e9nyelmes utaz\u00e1sra \u00e9p\u00fcl. M\u00e9ret\u00e9b\u0151l fakad\u00f3an nehezebb parkolni \u00e9s man\u0151verezni v\u00e1rosban, mint egy kisebb aut\u00f3t.<\/p>\n","protected":false},"excerpt":{"rendered":"<p>A legnagyobb vihart azonban Claudia egy \u0151szinte, \u00e1m ann\u00e1l provokat\u00edvabb mondata kavarta. \u00dagy fogalmazott: l\u00e1nya egyetemista, akinek \u201esz\u00fclet\u00e9si rendelleness\u00e9ge\u201d, hogy&#8230; <span class=\"gridview-grid-post-read-more\"><a href=\"https:\/\/www.hiregyben.online\/reggeljott\/?p=211\">read more<span class=\"gridview-sr-only\"> Kit\u00f6rt a botr\u00e1ny Liptai Claudia l\u00e1nya betegs\u00e9ge miatt!<\/span><\/a><\/span><\/p>\n","protected":false},"author":1,"featured_media":212,"comment_status":"open","ping_status":"open","sticky":false,"template":"","format":"standard","meta":{"footnotes":""},"categories":[1],"tags":[],"class_list":["post-211","post","type-post","status-publish","format-standard","has-post-thumbnail","hentry","category-egyeb","wpcat-1-id"],"_links":{"self":[{"href":"https:\/\/www.hiregyben.online\/reggeljott\/index.php?rest_route=\/wp\/v2\/posts\/211","targetHints":{"allow":["GET"]}}],"collection":[{"href":"https:\/\/www.hiregyben.online\/reggeljott\/index.php?rest_route=\/wp\/v2\/posts"}],"about":[{"href":"https:\/\/www.hiregyben.online\/reggeljott\/index.php?rest_route=\/wp\/v2\/types\/post"}],"author":[{"embeddable":true,"href":"https:\/\/www.hiregyben.online\/reggeljott\/index.php?rest_route=\/wp\/v2\/users\/1"}],"replies":[{"embeddable":true,"href":"https:\/\/www.hiregyben.online\/reggeljott\/index.php?rest_route=%2Fwp%2Fv2%2Fcomments&post=211"}],"version-history":[{"count":1,"href":"https:\/\/www.hiregyben.online\/reggeljott\/index.php?rest_route=\/wp\/v2\/posts\/211\/revisions"}],"predecessor-version":[{"id":213,"href":"https:\/\/www.hiregyben.online\/reggeljott\/index.php?rest_route=\/wp\/v2\/posts\/211\/revisions\/213"}],"wp:featuredmedia":[{"embeddable":true,"href":"https:\/\/www.hiregyben.online\/reggeljott\/index.php?rest_route=\/wp\/v2\/media\/212"}],"wp:attachment":[{"href":"https:\/\/www.hiregyben.online\/reggeljott\/index.php?rest_route=%2Fwp%2Fv2%2Fmedia&parent=211"}],"wp:term":[{"taxonomy":"category","embeddable":true,"href":"https:\/\/www.hiregyben.online\/reggeljott\/index.php?rest_route=%2Fwp%2Fv2%2Fcategories&post=211"},{"taxonomy":"post_tag","embeddable":true,"href":"https:\/\/www.hiregyben.online\/reggeljott\/index.php?rest_route=%2Fwp%2Fv2%2Ftags&post=211"}],"curies":[{"name":"wp","href":"https:\/\/api.w.org\/{rel}","templated":true}]}}