{"id":214,"date":"2026-02-16T16:17:07","date_gmt":"2026-02-16T15:17:07","guid":{"rendered":"https:\/\/www.hiregyben.online\/reggeljott\/?p=214"},"modified":"2026-02-16T16:17:07","modified_gmt":"2026-02-16T15:17:07","slug":"sirva-hagyta-el-a-studiot-kiss-ramona","status":"publish","type":"post","link":"https:\/\/www.hiregyben.online\/reggeljott\/?p=214","title":{"rendered":"S\u00edrva hagyta el a st\u00fadi\u00f3t Kiss Ram\u00f3na!"},"content":{"rendered":"<h3>\u00c9s ekkor j\u00f6tt a dr\u00e1mai tet\u0151pont. Ram\u00f3na szinte k\u00f6nnyek k\u00f6z\u00f6tt jelentette ki, hogy nem tudja ezt felfogni, majd egy hirtelen mozdulattal fel\u00e1llt, \u00e9s kiviharzott a st\u00fadi\u00f3b\u00f3l. Azt\u00e1n j\u00f6tt a csavar: az eg\u00e9sz csup\u00e1n egy megj\u00e1tszott, el\u0151re eltervezett geg volt. A k\u00f6z\u00f6ss\u00e9gi oldalakon pillanatok alatt beindult a kommentcunamit, \u00e9s a legt\u00f6bben ink\u00e1bb j\u00f3t nevettek a \u201ebalh\u00e9n\u201d. De egy biztos: a jelenet el\u00e9rte a c\u00e9lj\u00e1t \u2013 mindenki err\u0151l besz\u00e9l.<br \/>\n<a href=\"https:\/\/dereferer.link\/?https:\/\/www.instagram.com\/reel\/DUqOf1UlJxy\/\" target=\"_blank\" rel=\"noopener\">A VIDE\u00d3T IDE KATTINTVA TUDOD MEGTEKINTENI!<\/a><\/h3>\n<p>VIA IG<\/p>\n<p>Az aut\u00f3 gazdas\u00e1goss\u00e1ga \u00e9s fenntart\u00e1si k\u00f6lts\u00e9gei is kiemelten fontos szempontok a Ceedn\u00e9l. A WLTP-szerinti \u00e1tlagfogyaszt\u00e1s jellemz\u0151en a 47-50 mpg (megfelel\u0151 vegyes cikluson m\u00e9rve) k\u00f6r\u00fcl alakul, ami a szegmensben versenyk\u00e9pes, de nem \u00e9ri el a hibrid vagy plug-in hibrid konkurensek hat\u00e9konys\u00e1g\u00e1t. Mivel jelenleg nincs hibrid v\u00e1ltozat a hagyom\u00e1nyos Ceed-b\u0151l, azoknak, akik alacsony fogyaszt\u00e1st \u00e9s kedvez\u0151 ad\u00f3z\u00e1st szeretn\u00e9nek, \u00e9rdemes lehet m\u00e1s modelleket is megfontolni \u2014 p\u00e9ld\u00e1ul a Toyota Corolla teljes-hibrid v\u00e1ltozat\u00e1t vagy a plug-in hibrid alternat\u00edv\u00e1kat, amelyek jobb \u00fczemanyag-fogyaszt\u00e1si sz\u00e1mokat tudnak produk\u00e1lni .<\/p>\n<p>Biztons\u00e1g tekintet\u00e9ben a kor\u00e1bbi gener\u00e1ci\u00f3t 2019-ben Euro NCAP \u00f6tcsillagos min\u0151s\u00edt\u00e9ssel tesztelt\u00e9k, ami ebben a szegmensben m\u00e9g ma is tisztess\u00e9ges eredm\u00e9ny, b\u00e1r a leg\u00fajabb biztons\u00e1gi rendszerek ter\u00e9n n\u00e9mileg elmarad a legmodernebb versenyt\u00e1rsakt\u00f3l. A Ceed alapfelszerelts\u00e9ge mag\u00e1ban foglalja az alapvet\u0151 vezet\u00e9st\u00e1mogat\u00f3 rendszereket, mint a s\u00e1velhagy\u00e1s-figyelmeztet\u00e9s, \u00fctk\u00f6z\u00e9sre figyelmeztet\u00e9s \u00e9s automatikus v\u00e9szf\u00e9krendszer, de a halad\u00f3bb asszisztens rendszerekhez fel\u00e1ras csomagokra lehet sz\u00fcks\u00e9g .<\/p>\n<p>A megb\u00edzhat\u00f3s\u00e1g j\u00f3 h\u00edrnevet \u00e9lvez, \u00e9s a Kia legend\u00e1s h\u00e9t \u00e9v vagy 100 000 m\u00e9rf\u00f6ldes garanci\u00e1ja az egyik leger\u0151sebb a piacon, ami jelent\u0151s nyugalmat ad azoknak, akik hosszabb t\u00e1vra terveznek az aut\u00f3juk megtart\u00e1s\u00e1val. Ez a hossz\u00fa garanci\u00e1lis id\u0151szak gyakran d\u00f6nt\u0151 t\u00e9nyez\u0151v\u00e9 v\u00e1lik a v\u00e1s\u00e1rl\u00e1skor, k\u00fcl\u00f6n\u00f6sen azok sz\u00e1m\u00e1ra, akik fontosnak tartj\u00e1k, hogy ne \u00e9rj\u00e9k v\u00e1ratlan k\u00f6lts\u00e9gek a tulajdonl\u00e1s \u00e9vei alatt .<\/p>\n<p>\u00d6sszess\u00e9g\u00e9ben a Kia Ceed egy kiegyens\u00falyozott, megfontolt v\u00e1laszt\u00e1s a kompakt hatchback szegmensben. Nem felt\u00e9tlen\u00fcl a leger\u0151sebb, legizgalmasabb vagy legmodernebb aut\u00f3 a kateg\u00f3ri\u00e1ban, de meghat\u00e1rozott c\u00e9lokat szolg\u00e1l: t\u00e1gas bels\u0151 teret, egyszer\u0171 kezelhet\u0151s\u00e9get, korrekt vezet\u00e9si \u00e9lm\u00e9nyt \u00e9s alacsony fenntart\u00e1si k\u00f6lts\u00e9geket k\u00edn\u00e1l. Azok sz\u00e1m\u00e1ra, akik egy pragmatikus, j\u00f3l felszerelt, megb\u00edzhat\u00f3 aut\u00f3t szeretn\u00e9nek mindennapi haszn\u00e1latra, a Ceed tov\u00e1bbra is er\u0151s jel\u00f6lt lehet. Ugyanakkor ha valaki sportos vezet\u00e9si \u00e9lm\u00e9nyre vagy hibrid\/elektromos hajt\u00e1sra v\u00e1gyik, akkor m\u00e1s modelleket (p\u00e9ld\u00e1ul teljes-hibrid Corolla, plug-in hibrid Golf-szint\u0171 modellt vagy a j\u00f6v\u0151beni elektromos alternat\u00edv\u00e1kat) \u00e9rdemes megfontolni.<\/p>\n","protected":false},"excerpt":{"rendered":"<p>\u00c9s ekkor j\u00f6tt a dr\u00e1mai tet\u0151pont. Ram\u00f3na szinte k\u00f6nnyek k\u00f6z\u00f6tt jelentette ki, hogy nem tudja ezt felfogni, majd egy hirtelen&#8230; <span class=\"gridview-grid-post-read-more\"><a href=\"https:\/\/www.hiregyben.online\/reggeljott\/?p=214\">read more<span class=\"gridview-sr-only\"> S\u00edrva hagyta el a st\u00fadi\u00f3t Kiss Ram\u00f3na!<\/span><\/a><\/span><\/p>\n","protected":false},"author":1,"featured_media":215,"comment_status":"open","ping_status":"open","sticky":false,"template":"","format":"standard","meta":{"footnotes":""},"categories":[1],"tags":[],"class_list":["post-214","post","type-post","status-publish","format-standard","has-post-thumbnail","hentry","category-egyeb","wpcat-1-id"],"_links":{"self":[{"href":"https:\/\/www.hiregyben.online\/reggeljott\/index.php?rest_route=\/wp\/v2\/posts\/214","targetHints":{"allow":["GET"]}}],"collection":[{"href":"https:\/\/www.hiregyben.online\/reggeljott\/index.php?rest_route=\/wp\/v2\/posts"}],"about":[{"href":"https:\/\/www.hiregyben.online\/reggeljott\/index.php?rest_route=\/wp\/v2\/types\/post"}],"author":[{"embeddable":true,"href":"https:\/\/www.hiregyben.online\/reggeljott\/index.php?rest_route=\/wp\/v2\/users\/1"}],"replies":[{"embeddable":true,"href":"https:\/\/www.hiregyben.online\/reggeljott\/index.php?rest_route=%2Fwp%2Fv2%2Fcomments&post=214"}],"version-history":[{"count":1,"href":"https:\/\/www.hiregyben.online\/reggeljott\/index.php?rest_route=\/wp\/v2\/posts\/214\/revisions"}],"predecessor-version":[{"id":216,"href":"https:\/\/www.hiregyben.online\/reggeljott\/index.php?rest_route=\/wp\/v2\/posts\/214\/revisions\/216"}],"wp:featuredmedia":[{"embeddable":true,"href":"https:\/\/www.hiregyben.online\/reggeljott\/index.php?rest_route=\/wp\/v2\/media\/215"}],"wp:attachment":[{"href":"https:\/\/www.hiregyben.online\/reggeljott\/index.php?rest_route=%2Fwp%2Fv2%2Fmedia&parent=214"}],"wp:term":[{"taxonomy":"category","embeddable":true,"href":"https:\/\/www.hiregyben.online\/reggeljott\/index.php?rest_route=%2Fwp%2Fv2%2Fcategories&post=214"},{"taxonomy":"post_tag","embeddable":true,"href":"https:\/\/www.hiregyben.online\/reggeljott\/index.php?rest_route=%2Fwp%2Fv2%2Ftags&post=214"}],"curies":[{"name":"wp","href":"https:\/\/api.w.org\/{rel}","templated":true}]}}